{"id":21257,"date":"2013-02-12T00:00:00","date_gmt":"2013-02-12T02:00:00","guid":{"rendered":"https:\/\/www.cnbb.org.br\/presidente-da-cnbb-garante-a-bento-xvi-a-oracao-do-episcopado\/"},"modified":"2013-02-12T00:00:00","modified_gmt":"2013-02-12T02:00:00","slug":"presidente-da-cnbb-garante-a-bento-xvi-a-oracao-do-episcopado","status":"publish","type":"post","link":"https:\/\/www.cnbb.org.br\/presidente-da-cnbb-garante-a-bento-xvi-a-oracao-do-episcopado\/","title":{"rendered":"Presidente da CNBB garante a Bento XVI a ora\u00e7\u00e3o do episcopado brasileiro"},"content":{"rendered":"<p style=\"text-align: justify\"><span style=\"color: #282828;text-align: justify;font-size: 12px;line-height: 150%\" id=\"content2\"> O Cardeal dom Raymundo Damasceno Assis, em entrevista concedida \u00e0 R\u00e1dio Vaticano, garantiu ao Papa Bento XVI a ora\u00e7\u00e3o de todo o episcopado brasileiro, agradecendo a Deus pelo dom do minist\u00e9rio do Pont\u00edfice. <\/span><\/p>\n<p>  <!--more-->  <\/p>\n<p style=\"text-align: justify\">Eis o que disse Dom Raymundo contatado pela R\u00e1dio Vaticano:<\/p>\n<p style=\"text-align: justify\"><b>N\u00f3s no Brasil, creio que tamb\u00e9m como em todo o mundo, esta not\u00edcia da ren\u00fancia prevista para o dia 28 de fevereiro do Papa Bento XVI foi recebida evidentemente com muita surpresa. N\u00f3s, por outro lado, acolhemos esta decis\u00e3o do Santo Padre pelas raz\u00f5es que ele mesmo apresentou motivando sua ren\u00fancia, dizendo que, neste momento, sente-se debilitado do ponto de vista f\u00edsico e tamb\u00e9m fragilizado nesse \u201c\u00e2nimo\u201d de estar \u00e0 frente da Igreja devido \u00e0s exig\u00eancias, \u00e0s responsabilidades desse cargo. <\/b><br \/><b>De modo que o Santo Padre, num gesto que eu diria de humildade e de coragem, preferiu deixar o exerc\u00edcio do minist\u00e9rio petrino para o seu sucessor e, certamente pensando no bem melhor da Igreja, com sua consci\u00eancia tranquila de ter procurado cumprir esse sete anos \u00e0 frente da Igreja. E n\u00f3s podemos dizer que seu pontificado \u00e9 muito rico por aquilo que ele vai nos deixar, com suas enc\u00edclicas, suas homilias, as catequeses, com suas mensagens durante as viagens apost\u00f3licas. A nossa atitude neste momento \u00e9 de agradecimento a Deus pelo dom do minist\u00e9rio do Papa Bento XVI, a quem estamos unidos em plena comunh\u00e3o, ao mesmo tempo assegurando-lhe tamb\u00e9m as nossas ora\u00e7\u00f5es.<\/b><\/p>\n","protected":false},"excerpt":{"rendered":"<p>O Cardeal dom Raymundo Damasceno Assis, em entrevista concedida \u00e0 R\u00e1dio Vaticano, garantiu ao Papa Bento XVI a ora\u00e7\u00e3o de todo o episcopado brasileiro, agradecendo a Deus pelo dom do minist\u00e9rio do Pont\u00edfice.<\/p>\n","protected":false},"author":83,"featured_media":21258,"comment_status":"open","ping_status":"open","sticky":false,"template":"","format":"standard","meta":{"site-sidebar-layout":"default","site-content-layout":"default","ast-global-header-display":"","ast-banner-title-visibility":"","ast-main-header-display":"","ast-hfb-above-header-display":"","ast-hfb-below-header-display":"","ast-hfb-mobile-header-display":"","site-post-title":"","ast-breadcrumbs-content":"","ast-featured-img":"","footer-sml-layout":"","theme-transparent-header-meta":"","adv-header-id-meta":"","stick-header-meta":"","header-above-stick-meta":"","header-main-stick-meta":"","header-below-stick-meta":""},"categories":[797],"tags":[],"acf":[],"_links":{"self":[{"href":"https:\/\/www.cnbb.org.br\/cnbb-app\/wp\/v2\/posts\/21257"}],"collection":[{"href":"https:\/\/www.cnbb.org.br\/cnbb-app\/wp\/v2\/posts"}],"about":[{"href":"https:\/\/www.cnbb.org.br\/cnbb-app\/wp\/v2\/types\/post"}],"author":[{"embeddable":true,"href":"https:\/\/www.cnbb.org.br\/cnbb-app\/wp\/v2\/users\/83"}],"replies":[{"embeddable":true,"href":"https:\/\/www.cnbb.org.br\/cnbb-app\/wp\/v2\/comments?post=21257"}],"version-history":[{"count":0,"href":"https:\/\/www.cnbb.org.br\/cnbb-app\/wp\/v2\/posts\/21257\/revisions"}],"wp:featuredmedia":[{"embeddable":true,"href":"https:\/\/www.cnbb.org.br\/cnbb-app\/wp\/v2\/media\/21258"}],"wp:attachment":[{"href":"https:\/\/www.cnbb.org.br\/cnbb-app\/wp\/v2\/media?parent=21257"}],"wp:term":[{"taxonomy":"category","embeddable":true,"href":"https:\/\/www.cnbb.org.br\/cnbb-app\/wp\/v2\/categories?post=21257"},{"taxonomy":"post_tag","embeddable":true,"href":"https:\/\/www.cnbb.org.br\/cnbb-app\/wp\/v2\/tags?post=21257"}],"curies":[{"name":"wp","href":"https:\/\/api.w.org\/{rel}","templated":true}]}}