{"id":21263,"date":"2013-03-08T00:00:00","date_gmt":"2013-03-08T03:00:00","guid":{"rendered":"https:\/\/www.cnbb.org.br\/cardeais-decidem-conclave-comeca-na-proxima-terca-dia-12\/"},"modified":"2013-03-08T00:00:00","modified_gmt":"2013-03-08T03:00:00","slug":"cardeais-decidem-conclave-comeca-na-proxima-terca-dia-12","status":"publish","type":"post","link":"https:\/\/www.cnbb.org.br\/cardeais-decidem-conclave-comeca-na-proxima-terca-dia-12\/","title":{"rendered":"Cardeais decidem: Conclave come\u00e7a na pr\u00f3xima ter\u00e7a, dia 12"},"content":{"rendered":"<p style=\"text-align: justify\">Na oitava Congrega\u00e7\u00e3o Geral, realizada na tarde desta sexta-feira, 08 de mar\u00e7o, o Col\u00e9gio Cardinal\u00edcio decidiu a data de in\u00edcio do Conclave que vai eleger o novo papa. Nesta ter\u00e7a, dia 12 de mar\u00e7o, os 115 cardeais eleitores iniciam os trabalhos. No per\u00edodo da manh\u00e3, na Bas\u00edlica de S\u00e3o Pedro, ser\u00e1 celebrada a Missa <em>\u2018Pro eligendo Pontifice<\/em>\u2019 e na parte da tarde ocorre a entrada dos Cardeais na Capela Sistina. Os primeiros escrut\u00ednios j\u00e1 dever\u00e3o se realizar na tarde do mesmo dia.<\/p>\n<p>  <!--more-->  <\/p>\n<p style=\"text-align: justify\">Mesmo com a data do Conclave confirmada, o Col\u00e9gio Cardinal\u00edcio realizar\u00e1 mais uma Congrega\u00e7\u00e3o Geral neste s\u00e1bado. O diretor da Sala de Imprensa da Santa S\u00e9, padre Federico Lombardi, declarou em coletiva que os cardeais n\u00e3o poder\u00e3o receber informa\u00e7\u00f5es externas durante o Conclave, nem poder\u00e3o ler jornais, ouvir r\u00e1dio, assistir \u00e0 TV ou acessar a internet, como prev\u00ea a Constitui\u00e7\u00e3o Apost\u00f3lica Universi Dominici Gregis. Ser\u00e3o instalados bloqueadores de comunica\u00e7\u00e3o para impedir o uso de equipamentos e dispositivos eletr\u00f4nicos, como celulares, da mesma forma como j\u00e1 ocorre na Sala dos S\u00ednodos, onde t\u00eam ocorrido as congrega\u00e7\u00f5es gerais.<\/p>\n<p style=\"text-align: justify\">Ainda segundo o padre Lombardi, os cardeais n\u00e3o ter\u00e3o que passar por revista para entrar na Capela Sistina. Apenas os funcion\u00e1rios e demais pessoas devem ter de se submeter a um detector de dispositivos. Durante o per\u00edodo de reclus\u00e3o para a escolha do novo Papa, os cardeais poder\u00e3o se confessar.<\/p>\n<p style=\"text-align: justify\">Participar\u00e3o do Conclave 115 cardeais, sendo necess\u00e1rio o voto favor\u00e1vel de 77 purpurados para eleger o Papa, ou seja, os 2\/3 dos votantes.<\/p>\n","protected":false},"excerpt":{"rendered":"<p>Na oitava Congrega\u00e7\u00e3o Geral, realizada na tarde desta sexta-feira, 08 de mar\u00e7o, o Col\u00e9gio Cardinal\u00edcio decidiu a data de in\u00edcio do Conclave que vai eleger o novo papa. Nesta ter\u00e7a, dia 12 de mar\u00e7o, os 115 cardeais eleitores iniciam os trabalhos. No per\u00edodo da manh\u00e3, na Bas\u00edlica de S\u00e3o Pedro, ser\u00e1 celebrada a Missa \u2018Pro &hellip;<\/p>\n<p class=\"read-more\"> <a class=\"\" href=\"https:\/\/www.cnbb.org.br\/cardeais-decidem-conclave-comeca-na-proxima-terca-dia-12\/\"> <span class=\"screen-reader-text\">Cardeais decidem: Conclave come\u00e7a na pr\u00f3xima ter\u00e7a, dia 12<\/span> Leia mais &raquo;<\/a><\/p>\n","protected":false},"author":83,"featured_media":21264,"comment_status":"open","ping_status":"open","sticky":false,"template":"","format":"standard","meta":{"site-sidebar-layout":"default","site-content-layout":"default","ast-global-header-display":"","ast-banner-title-visibility":"","ast-main-header-display":"","ast-hfb-above-header-display":"","ast-hfb-below-header-display":"","ast-hfb-mobile-header-display":"","site-post-title":"","ast-breadcrumbs-content":"","ast-featured-img":"","footer-sml-layout":"","theme-transparent-header-meta":"","adv-header-id-meta":"","stick-header-meta":"","header-above-stick-meta":"","header-main-stick-meta":"","header-below-stick-meta":""},"categories":[797],"tags":[],"acf":[],"_links":{"self":[{"href":"https:\/\/www.cnbb.org.br\/cnbb-app\/wp\/v2\/posts\/21263"}],"collection":[{"href":"https:\/\/www.cnbb.org.br\/cnbb-app\/wp\/v2\/posts"}],"about":[{"href":"https:\/\/www.cnbb.org.br\/cnbb-app\/wp\/v2\/types\/post"}],"author":[{"embeddable":true,"href":"https:\/\/www.cnbb.org.br\/cnbb-app\/wp\/v2\/users\/83"}],"replies":[{"embeddable":true,"href":"https:\/\/www.cnbb.org.br\/cnbb-app\/wp\/v2\/comments?post=21263"}],"version-history":[{"count":0,"href":"https:\/\/www.cnbb.org.br\/cnbb-app\/wp\/v2\/posts\/21263\/revisions"}],"wp:featuredmedia":[{"embeddable":true,"href":"https:\/\/www.cnbb.org.br\/cnbb-app\/wp\/v2\/media\/21264"}],"wp:attachment":[{"href":"https:\/\/www.cnbb.org.br\/cnbb-app\/wp\/v2\/media?parent=21263"}],"wp:term":[{"taxonomy":"category","embeddable":true,"href":"https:\/\/www.cnbb.org.br\/cnbb-app\/wp\/v2\/categories?post=21263"},{"taxonomy":"post_tag","embeddable":true,"href":"https:\/\/www.cnbb.org.br\/cnbb-app\/wp\/v2\/tags?post=21263"}],"curies":[{"name":"wp","href":"https:\/\/api.w.org\/{rel}","templated":true}]}}