{"id":21304,"date":"2014-01-24T00:00:00","date_gmt":"2014-01-24T02:00:00","guid":{"rendered":"https:\/\/www.cnbb.org.br\/o-presbitero-e-um-homem-conquistado-por-deus-disse-dom-leonardo-steiner\/"},"modified":"2014-01-24T00:00:00","modified_gmt":"2014-01-24T02:00:00","slug":"o-presbitero-e-um-homem-conquistado-por-deus-disse-dom-leonardo-steiner","status":"publish","type":"post","link":"https:\/\/www.cnbb.org.br\/o-presbitero-e-um-homem-conquistado-por-deus-disse-dom-leonardo-steiner\/","title":{"rendered":"\u201cO presb\u00edtero \u00e9 um homem conquistado por Deus\u201d, disse dom Leonardo Steiner"},"content":{"rendered":"<p style=\"text-align: justify\">O processo formativo integral dos sacerdotes nas dimens\u00f5es humano-afetiva, intelectual, mission\u00e1ria e espiritual foi destacado pelo bispo auxiliar de Bras\u00edlia (DF) e secret\u00e1rio geral da CNBB, dom Leonardo Steineir, em sua fala no 2\u00ba Semin\u00e1rio sobre Forma\u00e7\u00e3o Presbiteral, que acontece de 20 a 26 de janeiro, em Aparecida (SP).<\/p>\n<p>  <!--more-->  <\/p>\n<p>\u00a0<\/p>\n<p style=\"text-align: justify\">Dom Leonardo recordou que a Igreja forma pastores para servir ao povo, sendo o padre um homem conquistado e alcan\u00e7ado por Deus. \u201cA nossa voca\u00e7\u00e3o e miss\u00e3o nascem de uma conquista que Deus fez de n\u00f3s, que \u00e9 uma escolha que Jesus fez por n\u00f3s. E esse ser conquistado s\u00f3 \u00e9 poss\u00edvel no encontro\u201d, disse ao citar o ap\u00f3stolo Paulo.<\/p>\n<p style=\"text-align: justify\">Segundo dom Leonardo, a experi\u00eancia de ser amado e conquistado por Deus desperta uma gratid\u00e3o que, por sua vez leva \u00e0 gratuidade de servir. \u201cAt\u00e9 que ponto na forma\u00e7\u00e3o estamos conseguindo despertar os formandos para essa grandeza da conquista, para uma vida de gratid\u00e3o, de generosidade, doa\u00e7\u00e3o, como Deus?\u201d, perguntou.<\/p>\n<p style=\"text-align: justify\">De acordo com o bispo, o presb\u00edtero \u00e9 um ser em rela\u00e7\u00e3o com Deus, consigo e com o outro, que busca agir de forma saud\u00e1vel e madura com a realidade em que vive. O sacerdote \u00e9 aquele que mant\u00e9m uma rela\u00e7\u00e3o \u00edntima com Deus. \u201cComo seres no mundo, chamados \u00e0 vida, aquele que \u00e9 chamado ao presbit\u00e9rio n\u00e3o \u00e9 uma criatura isolada, mas em constante conviv\u00eancia e relacionamento com os outros e com as coisas criadas\u201d, disse. Para dom Leonardo, ser disc\u00edpulo mission\u00e1rio \u00e9 \u201cser rela\u00e7\u00e3o\u201d.<\/p>\n<p style=\"text-align: justify\"><img decoding=\"async\" loading=\"lazy\" class=\" alignright size-full wp-image-21257\" src=\"https:\/\/www.cnbb.org.br\/wp-content\/uploads\/2020\/03\/01-missa.jpg\" border=\"0\" width=\"550\" height=\"350\" style=\"float: right\" \/><\/p>\n<p style=\"text-align: justify\">Sobre a figura do presb\u00edtero, o secret\u00e1rio geral da CNBB destacou que devem ser \u201chomens sagazes, s\u00e1bios, intelectuais, que saibam ler na hist\u00f3ria de hoje a presen\u00e7a de Deus, que saibam entrever na busca do homem e da mulher de hoje, esse mist\u00e9rio grandioso do amor de Deus\u201d.<\/p>\n<p style=\"text-align: justify\"><strong>Desafios da forma\u00e7\u00e3o<\/strong><\/p>\n<p style=\"text-align: justify\">Diante dos desafios da forma\u00e7\u00e3o presbiteral, dom Leonardo lembrou que \u00e9 determinante que o reitor provoque o formando a sair do seu mundo.<\/p>\n<p style=\"text-align: justify\">Disse, ainda, que h\u00e1 uma dificuldade em despertar nos formandos a consci\u00eancia e a experi\u00eancia de ter sido amado e conquistado por Deus, experi\u00eancia fundamental para a gratuidade. \u201cHoje n\u00e3o conseguimos fazer ver que a voca\u00e7\u00e3o \u00e9 um chamado, dom, gra\u00e7a, conquista, talvez porque n\u00e3o tenhamos feito a experi\u00eancia de sermos conquistados por Deus. Gratid\u00e3o nasce em quem foi amado gratuitamente, sem para qu\u00ea, sem justificativa. A gratuidade da conquista \u00e9 que torna o cora\u00e7\u00e3o livre e doador\u201d, ponderou.<\/p>\n<p style=\"text-align: justify\">\u00a0<\/p>\n<div style=\"text-align: justify\">\u00a0<\/div>\n","protected":false},"excerpt":{"rendered":"<p>O processo formativo integral dos sacerdotes nas dimens\u00f5es humano-afetiva, intelectual, mission\u00e1ria e espiritual foi destacado pelo bispo auxiliar de Bras\u00edlia (DF) e secret\u00e1rio geral da CNBB, dom Leonardo Steineir, em sua fala no 2\u00ba Semin\u00e1rio sobre Forma\u00e7\u00e3o Presbiteral, que acontece de 20 a 26 de janeiro, em Aparecida (SP).<\/p>\n","protected":false},"author":83,"featured_media":21305,"comment_status":"open","ping_status":"open","sticky":false,"template":"","format":"standard","meta":{"site-sidebar-layout":"default","site-content-layout":"default","ast-global-header-display":"","ast-banner-title-visibility":"","ast-main-header-display":"","ast-hfb-above-header-display":"","ast-hfb-below-header-display":"","ast-hfb-mobile-header-display":"","site-post-title":"","ast-breadcrumbs-content":"","ast-featured-img":"","footer-sml-layout":"","theme-transparent-header-meta":"","adv-header-id-meta":"","stick-header-meta":"","header-above-stick-meta":"","header-main-stick-meta":"","header-below-stick-meta":""},"categories":[797],"tags":[],"acf":[],"_links":{"self":[{"href":"https:\/\/www.cnbb.org.br\/cnbb-app\/wp\/v2\/posts\/21304"}],"collection":[{"href":"https:\/\/www.cnbb.org.br\/cnbb-app\/wp\/v2\/posts"}],"about":[{"href":"https:\/\/www.cnbb.org.br\/cnbb-app\/wp\/v2\/types\/post"}],"author":[{"embeddable":true,"href":"https:\/\/www.cnbb.org.br\/cnbb-app\/wp\/v2\/users\/83"}],"replies":[{"embeddable":true,"href":"https:\/\/www.cnbb.org.br\/cnbb-app\/wp\/v2\/comments?post=21304"}],"version-history":[{"count":0,"href":"https:\/\/www.cnbb.org.br\/cnbb-app\/wp\/v2\/posts\/21304\/revisions"}],"wp:featuredmedia":[{"embeddable":true,"href":"https:\/\/www.cnbb.org.br\/cnbb-app\/wp\/v2\/media\/21305"}],"wp:attachment":[{"href":"https:\/\/www.cnbb.org.br\/cnbb-app\/wp\/v2\/media?parent=21304"}],"wp:term":[{"taxonomy":"category","embeddable":true,"href":"https:\/\/www.cnbb.org.br\/cnbb-app\/wp\/v2\/categories?post=21304"},{"taxonomy":"post_tag","embeddable":true,"href":"https:\/\/www.cnbb.org.br\/cnbb-app\/wp\/v2\/tags?post=21304"}],"curies":[{"name":"wp","href":"https:\/\/api.w.org\/{rel}","templated":true}]}}