{"id":21339,"date":"2014-12-23T00:00:00","date_gmt":"2014-12-23T02:00:00","guid":{"rendered":"https:\/\/www.cnbb.org.br\/dom-leonardo-steiner-preside-missa-para-colaboradores\/"},"modified":"2014-12-23T00:00:00","modified_gmt":"2014-12-23T02:00:00","slug":"dom-leonardo-steiner-preside-missa-para-colaboradores","status":"publish","type":"post","link":"https:\/\/www.cnbb.org.br\/dom-leonardo-steiner-preside-missa-para-colaboradores\/","title":{"rendered":"Dom Leonardo Steiner preside missa para colaboradores"},"content":{"rendered":"<p style=\"text-align: justify\">\n<p style=\"text-align: justify\">O bispo auxiliar de Bras\u00edlia e secret\u00e1rio geral da Confer\u00eancia Nacional dos Bispos do Brasil (CNBB), dom Leonardo Steiner, presidiu no final da manh\u00e3 de hoje, dia 23, uma missa com colaboradores e assessores da entidade, em Bras\u00edlia (DF). Ao lado do subsecret\u00e1rio adjunto geral, padre Ant\u00f4nio Silva da Paix\u00e3o, ele agradeceu o empenho e a doa\u00e7\u00e3o dos funcion\u00e1rios que durante o ano de 2014 prestaram seus servi\u00e7os \u00e0 Confer\u00eancia.<\/p>\n<p>  <!--more-->  <\/p>\n<p style=\"text-align: justify\">\u00a0<\/p>\n<p style=\"text-align: justify\">Dom Leonardo salientou que suas palavras s\u00e3o de gratid\u00e3o pela compreens\u00e3o dos funcion\u00e1rios em rela\u00e7\u00e3o \u00e0s mudan\u00e7as administrativas ocorridas na sede da CNBB. \u201cOs bispos t\u00eam acompanhado essa reestrutura\u00e7\u00e3o e tem ficado muito satisfeitos\u201d, afirmou. Ele ainda agradeceu pela dedica\u00e7\u00e3o do subsecret\u00e1rio adjunto geral pela atua\u00e7\u00e3o na administra\u00e7\u00e3o da sede.<\/p>\n<p style=\"text-align: justify\">Tamb\u00e9m foi lembrada por dom Leonardo as doa\u00e7\u00f5es e a visita ao projeto \u201cCorrendo atr\u00e1s de um sonho\u201d, adotado pela Assist\u00eancia Social da CNBB. No s\u00e1bado, dia 20, ele acompanhou alguns colaboradores na entrega dos presentes de Natal, ap\u00f3s as crian\u00e7as terem suas cartas adotadas.\u00a0<\/p>\n<p style=\"text-align: justify\">A celebra\u00e7\u00e3o encerrou as atividades de 2014 na sede do secretariado geral da CNBB. Ap\u00f3s recesso, os colaboradores retornam no dia 2 de janeiro de 2015.<\/p>\n<p>\u00a0<\/p>\n<p>\u00a0<\/p>\n<p>\u00a0<\/p>\n","protected":false},"excerpt":{"rendered":"<p>O bispo auxiliar de Bras\u00edlia e secret\u00e1rio geral da Confer\u00eancia Nacional dos Bispos do Brasil (CNBB), dom Leonardo Steiner, presidiu no final da manh\u00e3 de hoje, dia 23, uma missa com colaboradores e assessores da entidade, em Bras\u00edlia (DF). Ao lado do subsecret\u00e1rio adjunto geral, padre Ant\u00f4nio Silva da Paix\u00e3o, ele agradeceu o empenho e &hellip;<\/p>\n<p class=\"read-more\"> <a class=\"\" href=\"https:\/\/www.cnbb.org.br\/dom-leonardo-steiner-preside-missa-para-colaboradores\/\"> <span class=\"screen-reader-text\">Dom Leonardo Steiner preside missa para colaboradores<\/span> Leia mais &raquo;<\/a><\/p>\n","protected":false},"author":83,"featured_media":21340,"comment_status":"open","ping_status":"open","sticky":false,"template":"","format":"standard","meta":{"site-sidebar-layout":"default","site-content-layout":"default","ast-global-header-display":"","ast-banner-title-visibility":"","ast-main-header-display":"","ast-hfb-above-header-display":"","ast-hfb-below-header-display":"","ast-hfb-mobile-header-display":"","site-post-title":"","ast-breadcrumbs-content":"","ast-featured-img":"","footer-sml-layout":"","theme-transparent-header-meta":"","adv-header-id-meta":"","stick-header-meta":"","header-above-stick-meta":"","header-main-stick-meta":"","header-below-stick-meta":""},"categories":[797],"tags":[],"acf":[],"_links":{"self":[{"href":"https:\/\/www.cnbb.org.br\/cnbb-app\/wp\/v2\/posts\/21339"}],"collection":[{"href":"https:\/\/www.cnbb.org.br\/cnbb-app\/wp\/v2\/posts"}],"about":[{"href":"https:\/\/www.cnbb.org.br\/cnbb-app\/wp\/v2\/types\/post"}],"author":[{"embeddable":true,"href":"https:\/\/www.cnbb.org.br\/cnbb-app\/wp\/v2\/users\/83"}],"replies":[{"embeddable":true,"href":"https:\/\/www.cnbb.org.br\/cnbb-app\/wp\/v2\/comments?post=21339"}],"version-history":[{"count":0,"href":"https:\/\/www.cnbb.org.br\/cnbb-app\/wp\/v2\/posts\/21339\/revisions"}],"wp:featuredmedia":[{"embeddable":true,"href":"https:\/\/www.cnbb.org.br\/cnbb-app\/wp\/v2\/media\/21340"}],"wp:attachment":[{"href":"https:\/\/www.cnbb.org.br\/cnbb-app\/wp\/v2\/media?parent=21339"}],"wp:term":[{"taxonomy":"category","embeddable":true,"href":"https:\/\/www.cnbb.org.br\/cnbb-app\/wp\/v2\/categories?post=21339"},{"taxonomy":"post_tag","embeddable":true,"href":"https:\/\/www.cnbb.org.br\/cnbb-app\/wp\/v2\/tags?post=21339"}],"curies":[{"name":"wp","href":"https:\/\/api.w.org\/{rel}","templated":true}]}}