{"id":21341,"date":"2014-12-29T00:00:00","date_gmt":"2014-12-29T02:00:00","guid":{"rendered":"https:\/\/www.cnbb.org.br\/2014-ano-da-graca-do-senhor\/"},"modified":"2014-12-29T00:00:00","modified_gmt":"2014-12-29T02:00:00","slug":"2014-ano-da-graca-do-senhor","status":"publish","type":"post","link":"https:\/\/www.cnbb.org.br\/2014-ano-da-graca-do-senhor\/","title":{"rendered":"Mensagem de dom Leonardo Steiner: 2014 &#8211; Ano da Gra\u00e7a do Senhor"},"content":{"rendered":"<p style=\"text-align: justify\" align=\"right\"><span style=\"line-height: 1.3em\">O bispo auxiliar de Bras\u00edlia e secret\u00e1rio geral da Confer\u00eancia Nacional dos Bispos do Brasil (CNBB), dom Leonardo Steiner, em mensagem intitulada <em>2014: Ano da Gra\u00e7a do Senhor,<\/em> agradece a Deus pelas b\u00ean\u00e7\u00e3os concedidas, o incentivo do papa Francisco e o apoio dos bispos, assessores e colaboradores da entidade. Leia, na \u00edntegra, o texto:\u00a0<\/span><\/p>\n<p>  <!--more-->  <\/p>\n<p style=\"text-align: center\" align=\"center\"><strong style=\"line-height: 1.3em\">2014: ANO DA GRA\u00c7A DO SENHOR<\/strong><\/p>\n<p style=\"text-align: justify\">Chegamos ao final de mais um ano da gra\u00e7a do Senhor. Maior parte dos dias vivida, lado a lado, com colaboradoras, colaboradores, assessoras e assessores, nos Regionais\/filiais ou na Matriz\/sede nacional. 2014 passar\u00e1 para a hist\u00f3ria da CNBB, deixando tamb\u00e9m sua marca especial.<\/p>\n<p style=\"text-align: justify\">Quero, pois,neste tempo oportuno do Natal, real\u00e7ar as b\u00ean\u00e7\u00e3os: a Miseric\u00f3rdia e a Provid\u00eancia de Deus, o Papa Francisco, o nosso trabalho. A Miseric\u00f3rdia de Deus perdoou nossos pecados e nos renovou na esperan\u00e7a; a Provid\u00eancia de Deus cuidou de nossa vida o tempo todo,com desvelos maternais. O papa Francisco nos encorajou com \u201ca Alegria do Evangelho\u201d,confirmando-nos na f\u00e9, dando-nos o exemplo. O nosso trabalho foi a oportunidade di\u00e1ria para servirmos nossos irm\u00e3os e irm\u00e3s.<\/p>\n<p style=\"text-align: justify\">Recordando as b\u00ean\u00e7\u00e3os, agrade\u00e7o a Deus. Relembrando o incentivo e apoio dos bispos do Brasil, agrade\u00e7o aos irm\u00e3os da Presid\u00eancia, do Conselho Permanente e do Conselho Episcopal Pastoral (CONSEP), inst\u00e2ncias que tornam presentes, em nosso trabalho di\u00e1rio, todas as for\u00e7as vivas da Igreja e da sociedade, referenciadas nos Regionais e nas Comiss\u00f5es Episcopais Pastorais.<\/p>\n<p style=\"text-align: justify\">\u00c0s irm\u00e3s e aos irm\u00e3os que labutam diuturnamente \u201csob o peso do dia e do calor\u201d, um agradecimento especial:<\/p>\n<p style=\"text-align: justify\">S\u00e3o mulheres e homens, m\u00e3es e pais, profissionais que, com o fruto deste trabalho, sustentam suas fam\u00edlias. H\u00e1 os que deram sua colabora\u00e7\u00e3o e j\u00e1 n\u00e3o mais est\u00e3o conosco, mas permanecem em nossa lembran\u00e7a. Vieram novas irm\u00e3s e novos irm\u00e3os, \u201csangue novo nas veias da Igreja\u201d.<\/p>\n<p style=\"text-align: justify\">S\u00e3o crist\u00e3s leigas, crist\u00e3os leigos, crist\u00e3s freiras e crist\u00e3os padres que, atendendo a uma convoca\u00e7\u00e3o da Presid\u00eancia da CNBB, sob a anu\u00eancia de seu bispo ou superior(a) religioso(a), se dedicam, uns em tempo integral, a promover as \u201cDiretrizes da A\u00e7\u00e3o Evangelizadora da Igreja no Brasil\u201d, em cada cantinho desse nosso querido pa\u00eds. Muitos deixaram seu contributo e n\u00e3o mais se encontram aqui. Deles tamb\u00e9m nos lembramosagradecidos.<\/p>\n<p style=\"text-align: justify\">Aqui, pe\u00e7o licen\u00e7a para nominar e agradecer os que colaboraramconosco, mais recentemente, e que, a partir de 2015, estar\u00e3o em novos campos de evangeliza\u00e7\u00e3o:Pe. Carlos S\u00e1vio da Costa Ribeiro que foi assessor da Comiss\u00e3o para a Juventude, Pe. Jos\u00e9 Carlos Sala que foi assessor da Comiss\u00e3o para a Liturgia\/Canto Pastoral, e o Prof. S\u00e9rgio Ricardo Coutinho dos Santos que foi assessor da Comiss\u00e3o para o Laicato\/CEBs.Deus os recompense pelo bem que semearam. Registro tamb\u00e9m nossa homenagem p\u00f3stuma ao Sr. Ant\u00f4nio Bicarato,nosso revisor.<\/p>\n<p style=\"text-align: justify\">Por fim, aos que seguir\u00e3o conosco, na Matriz, nos Regionais, e nas Comiss\u00f5es Episcopais at\u00e9 a 53\u00aa Assembleia Geral, Deus lhes conceda a b\u00ean\u00e7\u00e3o da perseveran\u00e7a e da paci\u00eancia, da humildade e da pobreza, para levarmos a t\u00e9rmino o bom prop\u00f3sito com que assumimos este servi\u00e7o \u00e0 Igreja e ao Brasil, pelo per\u00edodo de 2011 a 2015.<\/p>\n<p style=\"text-align: justify\">Senhora Aparecida, nossa M\u00e3e, protegei-nos! A todos(as) um ANO DA PAZ!<\/p>\n<p style=\"text-align: justify\" align=\"center\">\u00a0<\/p>\n<p style=\"text-align: justify\" align=\"center\">\u00a0<\/p>\n<p align=\"center\">+ Leonardo Ulrich Steiner<\/p>\n<p align=\"center\">Bispo Auxiliar de Bras\u00edlia<\/p>\n<p align=\"center\">Secret\u00e1rio Geral da CNBB<\/p>\n","protected":false},"excerpt":{"rendered":"<p>O bispo auxiliar de Bras\u00edlia e secret\u00e1rio geral da Confer\u00eancia Nacional dos Bispos do Brasil (CNBB), dom Leonardo Steiner, em mensagem intitulada 2014: Ano da Gra\u00e7a do Senhor, agradece a Deus pelas b\u00ean\u00e7\u00e3os concedidas, o incentivo do papa Francisco e o apoio dos bispos, assessores e colaboradores da entidade. Leia, na \u00edntegra, o texto:\u00a0<\/p>\n","protected":false},"author":83,"featured_media":21342,"comment_status":"open","ping_status":"open","sticky":false,"template":"","format":"standard","meta":{"site-sidebar-layout":"default","site-content-layout":"default","ast-global-header-display":"","ast-banner-title-visibility":"","ast-main-header-display":"","ast-hfb-above-header-display":"","ast-hfb-below-header-display":"","ast-hfb-mobile-header-display":"","site-post-title":"","ast-breadcrumbs-content":"","ast-featured-img":"","footer-sml-layout":"","theme-transparent-header-meta":"","adv-header-id-meta":"","stick-header-meta":"","header-above-stick-meta":"","header-main-stick-meta":"","header-below-stick-meta":""},"categories":[797],"tags":[],"acf":[],"_links":{"self":[{"href":"https:\/\/www.cnbb.org.br\/cnbb-app\/wp\/v2\/posts\/21341"}],"collection":[{"href":"https:\/\/www.cnbb.org.br\/cnbb-app\/wp\/v2\/posts"}],"about":[{"href":"https:\/\/www.cnbb.org.br\/cnbb-app\/wp\/v2\/types\/post"}],"author":[{"embeddable":true,"href":"https:\/\/www.cnbb.org.br\/cnbb-app\/wp\/v2\/users\/83"}],"replies":[{"embeddable":true,"href":"https:\/\/www.cnbb.org.br\/cnbb-app\/wp\/v2\/comments?post=21341"}],"version-history":[{"count":0,"href":"https:\/\/www.cnbb.org.br\/cnbb-app\/wp\/v2\/posts\/21341\/revisions"}],"wp:featuredmedia":[{"embeddable":true,"href":"https:\/\/www.cnbb.org.br\/cnbb-app\/wp\/v2\/media\/21342"}],"wp:attachment":[{"href":"https:\/\/www.cnbb.org.br\/cnbb-app\/wp\/v2\/media?parent=21341"}],"wp:term":[{"taxonomy":"category","embeddable":true,"href":"https:\/\/www.cnbb.org.br\/cnbb-app\/wp\/v2\/categories?post=21341"},{"taxonomy":"post_tag","embeddable":true,"href":"https:\/\/www.cnbb.org.br\/cnbb-app\/wp\/v2\/tags?post=21341"}],"curies":[{"name":"wp","href":"https:\/\/api.w.org\/{rel}","templated":true}]}}