{"id":21345,"date":"2015-02-25T00:00:00","date_gmt":"2015-02-25T03:00:00","guid":{"rendered":"https:\/\/www.cnbb.org.br\/nos-nao-somos-donos-da-verdade-mas-queremos-fazer-uma-proposta-afirma-dom-damasceno\/"},"modified":"2015-02-25T00:00:00","modified_gmt":"2015-02-25T03:00:00","slug":"nos-nao-somos-donos-da-verdade-mas-queremos-fazer-uma-proposta-afirma-dom-damasceno","status":"publish","type":"post","link":"https:\/\/www.cnbb.org.br\/nos-nao-somos-donos-da-verdade-mas-queremos-fazer-uma-proposta-afirma-dom-damasceno\/","title":{"rendered":"\u201cN\u00f3s n\u00e3o somos donos da verdade, mas queremos fazer uma proposta\u201d, afirma dom Damasceno"},"content":{"rendered":"<p style=\"text-align: justify\">\n<p style=\"text-align: justify\"><span style=\"font-size: 12.1599998474121px;line-height: 1.3em\">O arcebispo de Aparecida (SP) e presidente da Confer\u00eancia Nacional dos Bispos do Brasil (CNBB), cardeal Raymundo Damasceno Assis, afirmou durante cerim\u00f4nia de lan\u00e7amento do <a href=\"imprensa-1\/15947-cnbb-e-oab-apresentam-manifesto-em-defesa-da-democracia\" target=\"_blank\">Manifesto em Defesa da Democracia<\/a>, ocorrida nesta quarta-feira, 25, em Bras\u00edlia (DF), que as 106 entidades envolvidas no projeto da Reforma Pol\u00edtica Democr\u00e1tica pretendem oferecer uma sugest\u00e3o de mudan\u00e7a que acreditam ser mais adequada ao pa\u00eds.<\/span><\/p>\n<p>  <!--more-->  <\/p>\n<p style=\"text-align: justify\">\u00a0<span style=\"font-size: 12.1599998474121px;line-height: 1.3em\">\u201cN\u00f3s, eu creio, com a OAB aqui representada pelo seu presidente, n\u00e3o somos donos da verdade, mas queremos fazer uma proposta que \u00e9 apoiada por esta Coaliz\u00e3o bastante ampla, bastante significativa enquanto representante da sociedade brasileira, para justamente provocar o debate no Congresso Nacional\u201d, afirmou.<\/span><\/p>\n<p style=\"text-align: justify\">Dom Damasceno, ao lado do presidente do Conselho Federal da Ordem dos Advogados do Brasil (OAB), Marcus Vin\u00edcius Furtado Co\u00ealho, apresentou o Manifesto em que as duas entidades posicionam-se a favor da democracia, com \u201ca convic\u00e7\u00e3o de que acima das diverg\u00eancias pol\u00edticas, naturais numa Rep\u00fablica, est\u00e3o a ordem constitucional e a normalidade democr\u00e1tica\u201d.<\/p>\n<p style=\"text-align: justify\">Em seu pronunciamento, o cardeal Raymundo Damasceno Assis falou da presen\u00e7a da Igreja Cat\u00f3lica na \u201cvida e na hist\u00f3ria da sociedade brasileira\u201d e recordou a Campanha da Fraternidade de 2015, cujo tema \u00e9 \u201cFraternidade: Igreja e sociedade\u201d e o lema \u201cEu vim para servir\u201d. O presidente da CNBB expressou o desejo da Igreja em \u201ccontinuar contribuindo, respeitando a laicidade do Estado e a autonomia das realidades terrestres, com a dignifica\u00e7\u00e3o do ser humano\u201d.<\/p>\n<p style=\"text-align: justify\"><img decoding=\"async\" loading=\"lazy\" class=\" alignright size-full wp-image-24950\" src=\"https:\/\/www.cnbb.org.br\/wp-content\/uploads\/2020\/03\/Manifesto_democracia3-350x233-1.jpg\" border=\"0\" width=\"310\" height=\"206\" style=\"float: right\" \/>Dom Damasceno ressaltou durante a cerim\u00f4nia a miss\u00e3o da Igreja em ensinar crit\u00e9rios e valores para orientar os crist\u00e3os. \u201cA Igreja, como todos sabem, ela n\u00e3o se identifica, \u00e9 claro, como os partidos pol\u00edticos, nem com interesses de partidos. A Igreja tem uma miss\u00e3o muito especial, espiritual e religiosa. E na sua miss\u00e3o, cabe \u00e0 Igreja, sobretudo, ensinar crit\u00e9rios e valores, orientar as consci\u00eancias, educar nas virtudes individuais e pol\u00edticas e ser advogada da justi\u00e7a e da verdade\u201d, explicou.<\/p>\n<p style=\"text-align: justify\">Para ele, essa atua\u00e7\u00e3o na vida p\u00fablica, \u201cpresen\u00e7a da Igreja no cora\u00e7\u00e3o do mundo\u201d, deve ser assumida pelos crist\u00e3os leigos e leigas, \u00e0 luz \u201cdos ensinamentos do Evangelho e da Doutrina Social da Igreja com a constru\u00e7\u00e3o de uma sociedade humana e solid\u00e1ria, opondo-se a toda forma de injusti\u00e7a\u201d. O cardeal aproveitou a oportunidade para felicitar os que atuam neste meio, \u201cque fazem da pol\u00edtica um servi\u00e7o ao bem comum, \u00e0 sociedade brasileira, um servi\u00e7o inspirado na \u00e9tica, no Evangelho\u201d.<\/p>\n<p style=\"text-align: justify\">Ao final, dom Damasceno pediu para que haja acompanhamento ativo da tramita\u00e7\u00e3o no Congresso Nacional das v\u00e1rias propostas de reforma pol\u00edtica. \u201cSabemos que esta reforma ter\u00e1 certamente um longo itiner\u00e1rio a percorrer, n\u00e3o ser\u00e1 t\u00e3o f\u00e1cil, caber\u00e1 ser discutida pelo Congresso, mas, sobretudo acompanhada pela popula\u00e7\u00e3o, para que esse processo da reforma chegue a bom termo\u201d, disse.<\/p>\n<p style=\"text-align: justify\">O presidente do Conselho Federal da OAB, Marcus Vin\u00edcius Furtado Co\u00ealho, ressaltou a fala de dom Damasceno em rela\u00e7\u00e3o \u00e0 proposi\u00e7\u00e3o do projeto de Reforma Pol\u00edtica, em que os agentes das entidades n\u00e3o t\u00eam a presun\u00e7\u00e3o de se portarem como \u201cdonos da verdade\u201d, mas &#8220;sujeitos que querem ser ouvidos, considerados&#8221;, como &#8220;protagonistas deste importante debate que acontece na sociedade brasileira\u201d.<\/p>\n<p style=\"text-align: justify\">O presidente da OAB recordou a \u00faltima articula\u00e7\u00e3o das entidades envolvidas na Coaliz\u00e3o que resultou na Lei da Ficha Limpa. \u00a0\u201cEnquanto a Lei da Ficha Limpa cuida das consequ\u00eancias, o projeto por elei\u00e7\u00f5es limpas, que \u00e9 o projeto de reforma pol\u00edtica democr\u00e1tica, busca cuidar das causas destes problemas. E a principal causa no nosso entendimento \u00e9 o financiamento empresarial a candidatos e partidos pol\u00edticos\u201d, explicou.<\/p>\n<p style=\"text-align: justify\">Ao finalizar seu pronunciamento, o presidente da OAB afirmou que as 106 entidades que prop\u00f5em o projeto de lei de iniciativa popular pela Reforma Pol\u00edtica Democr\u00e1tica seguir\u00e3o juntas \u201crespeitando as opini\u00f5es divergentes e tamb\u00e9m querendo que este movimento seja respeitado, entendendo que n\u00f3s n\u00e3o podemos fazer do debate numa sociedade democr\u00e1tica a utiliza\u00e7\u00e3o de um instrumento que \u00e9 o de diminuir ou desqualificar a proposta que eu n\u00e3o concordo desqualificando o proponente, desqualificando o movimento para dizer que \u00e9 ideol\u00f3gico, ou partid\u00e1rio ou que n\u00e3o tem a independ\u00eancia necess\u00e1ria\u201d, alertou. Ao fazer um convite para que as pessoas discutam as propostas,\u00a0<span style=\"font-size: 12.1599998474121px;line-height: 1.3em\">\u00a0Furtado defendeu o respeito \u00e0 \u201cCoaliz\u00e3o de 106 entidades que construiu uma proposta ao debate\u201d.<\/span><\/p>\n<p style=\"text-align: justify\">\u00a0<span style=\"font-size: 12.1599998474121px;line-height: 1.3em\">Leia o discurso do cardeal Raymundo Damasceno Assis:<\/span><\/p>\n<p style=\"text-align: center\"><strong>DISCURSO DO CARDEAL DAMASCENO ASSIS DURANTE O LAN\u00c7AMENTO DO <\/strong><\/p>\n<p style=\"text-align: center\"><strong>MANIFESTO EM DEFESA DA DEMOCRACIA<\/strong><\/p>\n<p style=\"text-align: justify\">Bom dia e minhas cordiais boas-vindas a todas e a todos, presentes \u00e0 sede do Secretariado Nacional da CNBB, em Bras\u00edlia\/DF, para o lan\u00e7amento do manifesto em defesa da democracia que expressa o anseio de in\u00fameras entidades da sociedade civil organizada por uma reforma pol\u00edtica democr\u00e1tica.<\/p>\n<p style=\"text-align: justify\">A Igreja Cat\u00f3lica, como recorda a CF 2015 &#8211; Igreja e Sociedade, sempre esteve presente na vida e na hist\u00f3ria da sociedade brasileira e deseja continuar contribuindo, respeitando a laicidade do estado e a autonomia das realidades terrestres, com a dignifica\u00e7\u00e3o do ser humano. Para tanto, ela se prop\u00f5e a trabalhar junto com os demais cidad\u00e3os e institui\u00e7\u00f5es, para o bem comum de todos os brasileiros e brasileiras.<\/p>\n<p style=\"text-align: justify\">A Igreja n\u00e3o se identifica com os pol\u00edticos, nem com interesses de partidos. Sua miss\u00e3o, nesse campo, \u00e9 ensinar crit\u00e9rios e valores irrevog\u00e1veis, orientar as consci\u00eancias, educar nas virtudes individuais e pol\u00edticas e ser advogada da justi\u00e7a e da verdade.<\/p>\n<p style=\"text-align: justify\">S\u00e3o os crist\u00e3os leigos e as crist\u00e3s leigas, presen\u00e7a da igreja no cora\u00e7\u00e3o do mundo, que devem assumir sua responsabilidade, na vida p\u00fablica, contribuindo, \u00e0 luz do evangelho e do ensino social da Igreja, com a constru\u00e7\u00e3o de uma sociedade humana e solid\u00e1ria, opondo-se a toda forma de injusti\u00e7a.<\/p>\n<p style=\"text-align: justify\">Ao lan\u00e7ar este manifesto, fazemos votos de que o Congresso Nacional, enquanto representante da vontade do povo brasileiro, possa levar a bom termo a esperada reforma pol\u00edtica, para o bem do nosso pa\u00eds.<\/p>\n<p style=\"text-align: justify\">Conclamamos o povo brasileiro a acompanhar ativamente a tramita\u00e7\u00e3o, no congresso nacional, das proposi\u00e7\u00f5es que tratam da reforma pol\u00edtica e a manter-se vigilante e atento aos acontecimentos pol\u00edticos atuais, para que a expectativa da sociedade n\u00e3o seja frustrada.<\/p>\n<p style=\"text-align: justify\">Muito obrigado!<\/p>\n<p style=\"text-align: justify\">Bras\u00edlia, 25 de fevereiro de 2015<\/p>\n<p style=\"text-align: center\"><strong>Cardeal Raymundo Damasceno Assis<\/strong><br \/><span>Arcebispo de Aparecida<\/span><br \/><span>Presidente da CNBB<\/span><\/p>\n<p>\u00a0<\/p>\n<p>\u00a0<\/p>\n<p>\u00a0<\/p>\n","protected":false},"excerpt":{"rendered":"<p>O arcebispo de Aparecida (SP) e presidente da Confer\u00eancia Nacional dos Bispos do Brasil (CNBB), cardeal Raymundo Damasceno Assis, afirmou durante cerim\u00f4nia de lan\u00e7amento do Manifesto em Defesa da Democracia, ocorrida nesta quarta-feira, 25, em Bras\u00edlia (DF), que as 106 entidades envolvidas no projeto da Reforma Pol\u00edtica Democr\u00e1tica pretendem oferecer uma sugest\u00e3o de mudan\u00e7a que &hellip;<\/p>\n<p class=\"read-more\"> <a class=\"\" href=\"https:\/\/www.cnbb.org.br\/nos-nao-somos-donos-da-verdade-mas-queremos-fazer-uma-proposta-afirma-dom-damasceno\/\"> <span class=\"screen-reader-text\">\u201cN\u00f3s n\u00e3o somos donos da verdade, mas queremos fazer uma proposta\u201d, afirma dom Damasceno<\/span> Leia mais &raquo;<\/a><\/p>\n","protected":false},"author":83,"featured_media":21346,"comment_status":"open","ping_status":"open","sticky":false,"template":"","format":"standard","meta":{"site-sidebar-layout":"default","site-content-layout":"default","ast-global-header-display":"","ast-banner-title-visibility":"","ast-main-header-display":"","ast-hfb-above-header-display":"","ast-hfb-below-header-display":"","ast-hfb-mobile-header-display":"","site-post-title":"","ast-breadcrumbs-content":"","ast-featured-img":"","footer-sml-layout":"","theme-transparent-header-meta":"","adv-header-id-meta":"","stick-header-meta":"","header-above-stick-meta":"","header-main-stick-meta":"","header-below-stick-meta":""},"categories":[797],"tags":[],"acf":[],"_links":{"self":[{"href":"https:\/\/www.cnbb.org.br\/cnbb-app\/wp\/v2\/posts\/21345"}],"collection":[{"href":"https:\/\/www.cnbb.org.br\/cnbb-app\/wp\/v2\/posts"}],"about":[{"href":"https:\/\/www.cnbb.org.br\/cnbb-app\/wp\/v2\/types\/post"}],"author":[{"embeddable":true,"href":"https:\/\/www.cnbb.org.br\/cnbb-app\/wp\/v2\/users\/83"}],"replies":[{"embeddable":true,"href":"https:\/\/www.cnbb.org.br\/cnbb-app\/wp\/v2\/comments?post=21345"}],"version-history":[{"count":0,"href":"https:\/\/www.cnbb.org.br\/cnbb-app\/wp\/v2\/posts\/21345\/revisions"}],"wp:featuredmedia":[{"embeddable":true,"href":"https:\/\/www.cnbb.org.br\/cnbb-app\/wp\/v2\/media\/21346"}],"wp:attachment":[{"href":"https:\/\/www.cnbb.org.br\/cnbb-app\/wp\/v2\/media?parent=21345"}],"wp:term":[{"taxonomy":"category","embeddable":true,"href":"https:\/\/www.cnbb.org.br\/cnbb-app\/wp\/v2\/categories?post=21345"},{"taxonomy":"post_tag","embeddable":true,"href":"https:\/\/www.cnbb.org.br\/cnbb-app\/wp\/v2\/tags?post=21345"}],"curies":[{"name":"wp","href":"https:\/\/api.w.org\/{rel}","templated":true}]}}