{"id":21366,"date":"2010-08-30T00:00:00","date_gmt":"2010-08-30T03:00:00","guid":{"rendered":"https:\/\/www.cnbb.org.br\/regionais-da-cnbb-participam-de-seminario-para-a-formacao-laical\/"},"modified":"2010-08-30T00:00:00","modified_gmt":"2010-08-30T03:00:00","slug":"regionais-da-cnbb-participam-de-seminario-para-a-formacao-laical","status":"publish","type":"post","link":"https:\/\/www.cnbb.org.br\/regionais-da-cnbb-participam-de-seminario-para-a-formacao-laical\/","title":{"rendered":"Regionais da CNBB participam de Semin\u00e1rio para a forma\u00e7\u00e3o laical"},"content":{"rendered":"<p style=\"text-align: justify\">Os regionais da CNBB, Leste 1 (Rio de Janeiro), Leste 2 (Esp\u00edrito Santo e Minas Gerais) e Sul 1 (S\u00e3o Paulo), ir\u00e3o participar nos dias 15 e 16, em Belo Horizonte (MG), do Semin\u00e1rio com Respons\u00e1veis de Forma\u00e7\u00e3o para o Laicato e Cursos de Teologia para Leigos.<\/p>\n<p><!--more--><\/p>\n<p style=\"text-align: justify\">A forma\u00e7\u00e3o macro-regional \u00e9 uma iniciativa da Comiss\u00e3o Episcopal Pastoral para o Laicato da Confer\u00eancia Nacional dos Bispos do Brasil (CNBB), em parceria com os secret\u00e1rios executivos dos regionais que assumiram, em 2008, o eixo-forma\u00e7\u00e3o como norteador de estudos e de a\u00e7\u00e3o conjunta. Ser\u00e3o realizados ainda cinco semin\u00e1rios nas macro-regi\u00f5es: Bel\u00e9m, Belo Horizonte, Caxias do Sul, Goi\u00e2nia, Manaus, Porto Velho, Salvador e Teresina, com os respons\u00e1veis pela forma\u00e7\u00e3o do laicato e dos cursos de teologia para os leigos.<\/p>\n<p style=\"text-align: justify\">Segundo o assessor da Comiss\u00e3o para o Laicato da CNBB, Geraldo Aguiar, o objetivo do evento \u00e9 contribuir para a forma\u00e7\u00e3o para o laicato. \u201cQueremos socializar os resultados do levantamento sobre a forma\u00e7\u00e3o para o laicato e os cursos de teologia para os leigos realizados junto \u00e0s arquidioceses e dioceses; contribuir na elabora\u00e7\u00e3o de indicativos b\u00e1sicos para a forma\u00e7\u00e3o para o laicato e para os cursos de teologia para os Leigos; al\u00e9m de proporcionar a troca de diferentes experi\u00eancias\u201d, disse o assessor.<\/p>\n<p style=\"text-align: justify\">Participam do encontro os respons\u00e1veis ou docentes que trabalham com a forma\u00e7\u00e3o para o laicato e dos cursos de teologia para leigos ou equivalentes, padres, religiosos, leigos, bispos referencias e membros dos Conselhos de Leigos.<\/p>\n<p style=\"text-align: justify\">As inscri\u00e7\u00f5es podem ser feitas atrav\u00e9s dos Regionais da CNBB da Regi\u00e3o Sudeste:<\/p>\n<p style=\"text-align: justify\">Leste 1 \u2013 Rio de Janeiro<br \/>\n(21) 2516-2682<br \/>\ncnbbleste1@gmail.com<\/p>\n<p style=\"text-align: justify\">Leste 2 \u2013 Minas Gerais e Esp\u00edrito Santo<br \/>\n(31) 3224-2434<br \/>\ncomunicacao@cnbbleste2.org.br<\/p>\n<p style=\"text-align: justify\">Sul 1 \u2013 S\u00e3o Paulo<br \/>\n(11) 3253-6788<br \/>\ncnbbs1@cnbbsul1.org.br<\/p>\n","protected":false},"excerpt":{"rendered":"<p>Os regionais da CNBB, Leste 1 (Rio de Janeiro), Leste 2 (Esp\u00edrito Santo e Minas Gerais) e Sul 1 (S\u00e3o Paulo), ir\u00e3o participar nos dias 15 e 16, em Belo Horizonte (MG), do Semin\u00e1rio com Respons\u00e1veis de Forma\u00e7\u00e3o para o Laicato e Cursos de Teologia para Leigos.<\/p>\n","protected":false},"author":83,"featured_media":21367,"comment_status":"open","ping_status":"open","sticky":false,"template":"","format":"standard","meta":{"site-sidebar-layout":"default","site-content-layout":"default","ast-global-header-display":"","ast-banner-title-visibility":"","ast-main-header-display":"","ast-hfb-above-header-display":"","ast-hfb-below-header-display":"","ast-hfb-mobile-header-display":"","site-post-title":"","ast-breadcrumbs-content":"","ast-featured-img":"","footer-sml-layout":"","theme-transparent-header-meta":"","adv-header-id-meta":"","stick-header-meta":"","header-above-stick-meta":"","header-main-stick-meta":"","header-below-stick-meta":""},"categories":[769],"tags":[],"acf":[],"_links":{"self":[{"href":"https:\/\/www.cnbb.org.br\/cnbb-app\/wp\/v2\/posts\/21366"}],"collection":[{"href":"https:\/\/www.cnbb.org.br\/cnbb-app\/wp\/v2\/posts"}],"about":[{"href":"https:\/\/www.cnbb.org.br\/cnbb-app\/wp\/v2\/types\/post"}],"author":[{"embeddable":true,"href":"https:\/\/www.cnbb.org.br\/cnbb-app\/wp\/v2\/users\/83"}],"replies":[{"embeddable":true,"href":"https:\/\/www.cnbb.org.br\/cnbb-app\/wp\/v2\/comments?post=21366"}],"version-history":[{"count":0,"href":"https:\/\/www.cnbb.org.br\/cnbb-app\/wp\/v2\/posts\/21366\/revisions"}],"wp:featuredmedia":[{"embeddable":true,"href":"https:\/\/www.cnbb.org.br\/cnbb-app\/wp\/v2\/media\/21367"}],"wp:attachment":[{"href":"https:\/\/www.cnbb.org.br\/cnbb-app\/wp\/v2\/media?parent=21366"}],"wp:term":[{"taxonomy":"category","embeddable":true,"href":"https:\/\/www.cnbb.org.br\/cnbb-app\/wp\/v2\/categories?post=21366"},{"taxonomy":"post_tag","embeddable":true,"href":"https:\/\/www.cnbb.org.br\/cnbb-app\/wp\/v2\/tags?post=21366"}],"curies":[{"name":"wp","href":"https:\/\/api.w.org\/{rel}","templated":true}]}}