{"id":21372,"date":"2008-12-01T00:00:00","date_gmt":"2008-12-01T02:00:00","guid":{"rendered":"https:\/\/www.cnbb.org.br\/comissao-da-pj-do-regional-centro-oeste-elabora-plano-de-acao\/"},"modified":"2008-12-01T00:00:00","modified_gmt":"2008-12-01T02:00:00","slug":"comissao-da-pj-do-regional-centro-oeste-elabora-plano-de-acao","status":"publish","type":"post","link":"https:\/\/www.cnbb.org.br\/comissao-da-pj-do-regional-centro-oeste-elabora-plano-de-acao\/","title":{"rendered":"Comiss\u00e3o da PJ do Regional Centro-Oeste elabora Plano de A\u00e7\u00e3o"},"content":{"rendered":"<p>Com a finalidade de elaborar um Plano de A\u00e7\u00e3o para os pr\u00f3ximos tr\u00eas anos de atua\u00e7\u00e3o, a Comiss\u00e3o da Pastoral da Juventude do Regional Centro-Oeste (Goi\u00e1s, Distrito<\/p>\n<p><!--more--><\/p>\n<p>Federal e Tocantins) esteve reunida de 21 a 23 de novembro, na Casa da Juventude Pe. Burnier (Caju) em Goi\u00e2nia (GO).<\/p>\n<p>&nbsp;<\/p>\n<p style=\"text-align: justify\">Durante o encontro, houve uma conversa com Carmem L\u00facia Teixeira, da Caju, sobre o processo de revitaliza\u00e7\u00e3o da PJ no continente latino-americano.<\/p>\n<p style=\"text-align: justify\">\u201cEm seguida nos debru\u00e7amos sobre nossas atividades e nossos sonhos de caminhada com a juventude nestas terras de cerrado, t\u00e3o malucado com a explora\u00e7\u00e3o do agro-neg\u00f3cio. No s\u00e1bado \u00e0 noite celebramos uma vig\u00edlia cheia de esperan\u00e7a e com muita m\u00fasica popular brasileira, conversas, piadas e risos, fizemos uma confraterniza\u00e7\u00e3o\u201d, diz a assessora da PJ do Regional Centro-Oeste, Alessandra Miranda.<\/p>\n<p style=\"text-align: justify\">Entre as atividades previstas para o pr\u00f3ximo tri\u00eanio est\u00e3o: o 9\u00ba Encontro Nacional da Pastoral da Juventude, que acontecer\u00e1 em Natal (RN), no m\u00eas de janeiro; a participa\u00e7\u00e3o no 12\u00ba Intereclesial das Comunidades Eclesiais de Base (CEBs); a elabora\u00e7\u00e3o de um v\u00eddeo com o tema \u201cO que me motiva na PJ?\u201d; o F\u00f3rum da Juventude do Cerrado; a 14\u00aa Assembl\u00e9ia da PJ do Regional Centro-Oeste.<\/p>\n","protected":false},"excerpt":{"rendered":"<p>Com a finalidade de elaborar um Plano de A\u00e7\u00e3o para os pr\u00f3ximos tr\u00eas anos de atua\u00e7\u00e3o, a Comiss\u00e3o da Pastoral da Juventude do Regional Centro-Oeste (Goi\u00e1s, Distrito<\/p>\n","protected":false},"author":83,"featured_media":21373,"comment_status":"open","ping_status":"open","sticky":false,"template":"","format":"standard","meta":{"site-sidebar-layout":"default","site-content-layout":"default","ast-global-header-display":"","ast-banner-title-visibility":"","ast-main-header-display":"","ast-hfb-above-header-display":"","ast-hfb-below-header-display":"","ast-hfb-mobile-header-display":"","site-post-title":"","ast-breadcrumbs-content":"","ast-featured-img":"","footer-sml-layout":"","theme-transparent-header-meta":"","adv-header-id-meta":"","stick-header-meta":"","header-above-stick-meta":"","header-main-stick-meta":"","header-below-stick-meta":""},"categories":[782,769],"tags":[],"acf":[],"_links":{"self":[{"href":"https:\/\/www.cnbb.org.br\/cnbb-app\/wp\/v2\/posts\/21372"}],"collection":[{"href":"https:\/\/www.cnbb.org.br\/cnbb-app\/wp\/v2\/posts"}],"about":[{"href":"https:\/\/www.cnbb.org.br\/cnbb-app\/wp\/v2\/types\/post"}],"author":[{"embeddable":true,"href":"https:\/\/www.cnbb.org.br\/cnbb-app\/wp\/v2\/users\/83"}],"replies":[{"embeddable":true,"href":"https:\/\/www.cnbb.org.br\/cnbb-app\/wp\/v2\/comments?post=21372"}],"version-history":[{"count":0,"href":"https:\/\/www.cnbb.org.br\/cnbb-app\/wp\/v2\/posts\/21372\/revisions"}],"wp:featuredmedia":[{"embeddable":true,"href":"https:\/\/www.cnbb.org.br\/cnbb-app\/wp\/v2\/media\/21373"}],"wp:attachment":[{"href":"https:\/\/www.cnbb.org.br\/cnbb-app\/wp\/v2\/media?parent=21372"}],"wp:term":[{"taxonomy":"category","embeddable":true,"href":"https:\/\/www.cnbb.org.br\/cnbb-app\/wp\/v2\/categories?post=21372"},{"taxonomy":"post_tag","embeddable":true,"href":"https:\/\/www.cnbb.org.br\/cnbb-app\/wp\/v2\/tags?post=21372"}],"curies":[{"name":"wp","href":"https:\/\/api.w.org\/{rel}","templated":true}]}}