{"id":21376,"date":"2009-01-06T00:00:00","date_gmt":"2009-01-06T02:00:00","guid":{"rendered":"https:\/\/www.cnbb.org.br\/nova-etapa-da-escola-catequetica-do-regional-centro-oeste\/"},"modified":"2009-01-06T00:00:00","modified_gmt":"2009-01-06T02:00:00","slug":"nova-etapa-da-escola-catequetica-do-regional-centro-oeste","status":"publish","type":"post","link":"https:\/\/www.cnbb.org.br\/nova-etapa-da-escola-catequetica-do-regional-centro-oeste\/","title":{"rendered":"Nova etapa da Escola Catequ\u00e9tica do Regional Centro-Oeste"},"content":{"rendered":"<p style=\"text-align: justify\">Vai come\u00e7ar a nova etapa da Escola Catequ\u00e9tica do Regional Centro-Oeste (Distrito Federal, Goi\u00e1s, Tocantins e parte do Mato Grosso) da CNBB. A forma\u00e7\u00e3o ocorrer\u00e1 entre os dias 18 e 23 de janeiro, na sede do Regional, em Goi\u00e2nia. Para os organizadores, o objetivo \u00e9 oferecer forma\u00e7\u00e3o para a atua\u00e7\u00e3o no minist\u00e9rio catequ\u00e9tico.<\/p>\n<p><!--more--><\/p>\n<p style=\"text-align: justify\">Os temas desta etapa ser\u00e3o \u201cCatequese e Liturgia\u201d, com assessoria do padre Mauro, da diocese de Goi\u00e1s; \u201cCatequese e B\u00edblia\u201d, com assessoria do bispo de Goi\u00e1s, Dom Eug\u00eanio Rixen; \u201cInicia\u00e7\u00e3o Crist\u00e3\u201d, com Margareth Villalba; e \u201cInicia\u00e7\u00e3o Crist\u00e3 \u2013 Espiritualidade\u201d, com o padre Jos\u00e9 de Oliveira, da arquidiocese de Goi\u00e2nia.<\/p>\n<p style=\"text-align: justify\">Participar\u00e3o 45 pessoas das v\u00e1rias dioceses que comp\u00f5em o Regional: de Goi\u00e1s, do Tocantins e do Distrito Federal.<\/p>\n<p style=\"text-align: justify\">Informa\u00e7\u00f5es pelo telefone (62)3223-1854.<\/p>\n","protected":false},"excerpt":{"rendered":"<p>Vai come\u00e7ar a nova etapa da Escola Catequ\u00e9tica do Regional Centro-Oeste (Distrito Federal, Goi\u00e1s, Tocantins e parte do Mato Grosso) da CNBB. A forma\u00e7\u00e3o ocorrer\u00e1 entre os dias 18 e 23 de janeiro, na sede do Regional, em Goi\u00e2nia. Para os organizadores, o objetivo \u00e9 oferecer forma\u00e7\u00e3o para a atua\u00e7\u00e3o no minist\u00e9rio catequ\u00e9tico.<\/p>\n","protected":false},"author":83,"featured_media":0,"comment_status":"open","ping_status":"open","sticky":false,"template":"","format":"standard","meta":{"site-sidebar-layout":"default","site-content-layout":"default","ast-global-header-display":"","ast-banner-title-visibility":"","ast-main-header-display":"","ast-hfb-above-header-display":"","ast-hfb-below-header-display":"","ast-hfb-mobile-header-display":"","site-post-title":"","ast-breadcrumbs-content":"","ast-featured-img":"","footer-sml-layout":"","theme-transparent-header-meta":"","adv-header-id-meta":"","stick-header-meta":"","header-above-stick-meta":"","header-main-stick-meta":"","header-below-stick-meta":""},"categories":[782,769],"tags":[],"acf":[],"_links":{"self":[{"href":"https:\/\/www.cnbb.org.br\/cnbb-app\/wp\/v2\/posts\/21376"}],"collection":[{"href":"https:\/\/www.cnbb.org.br\/cnbb-app\/wp\/v2\/posts"}],"about":[{"href":"https:\/\/www.cnbb.org.br\/cnbb-app\/wp\/v2\/types\/post"}],"author":[{"embeddable":true,"href":"https:\/\/www.cnbb.org.br\/cnbb-app\/wp\/v2\/users\/83"}],"replies":[{"embeddable":true,"href":"https:\/\/www.cnbb.org.br\/cnbb-app\/wp\/v2\/comments?post=21376"}],"version-history":[{"count":0,"href":"https:\/\/www.cnbb.org.br\/cnbb-app\/wp\/v2\/posts\/21376\/revisions"}],"wp:attachment":[{"href":"https:\/\/www.cnbb.org.br\/cnbb-app\/wp\/v2\/media?parent=21376"}],"wp:term":[{"taxonomy":"category","embeddable":true,"href":"https:\/\/www.cnbb.org.br\/cnbb-app\/wp\/v2\/categories?post=21376"},{"taxonomy":"post_tag","embeddable":true,"href":"https:\/\/www.cnbb.org.br\/cnbb-app\/wp\/v2\/tags?post=21376"}],"curies":[{"name":"wp","href":"https:\/\/api.w.org\/{rel}","templated":true}]}}