{"id":21385,"date":"2009-02-13T00:00:00","date_gmt":"2009-02-13T02:00:00","guid":{"rendered":"https:\/\/www.cnbb.org.br\/arquidiocese-debate-as-causas-da-violencia-em-brasilia\/"},"modified":"2009-02-13T00:00:00","modified_gmt":"2009-02-13T02:00:00","slug":"arquidiocese-debate-as-causas-da-violencia-em-brasilia","status":"publish","type":"post","link":"https:\/\/www.cnbb.org.br\/arquidiocese-debate-as-causas-da-violencia-em-brasilia\/","title":{"rendered":"Arquidiocese debate as causas da viol\u00eancia em Bras\u00edlia"},"content":{"rendered":"<p style=\"text-align: justify\">A arquidiocese de Bras\u00edlia realiza amanh\u00e3, 14, das 8h \u00e0s 17h, um encontro para aprofundar o conhecimento sobre as causas da que atinge a sociedade de Bras\u00edlia, especialmente as fam\u00edlias e os jovens. Ao mesmo tempo, a arquidiocese quer identificar alternativas de solu\u00e7\u00e3o para fortalecer a justi\u00e7a, em busca do desenvolvimento da cultura da Paz em nossa cidade.<\/p>\n<p><!--more--><\/p>\n<p style=\"text-align: justify\">\u201cEste encontro est\u00e1 inserido nas programa\u00e7\u00f5es da Campanha da Fraternidade de 2009, cujo\u00a0 tema \u00e9 Fraternidade e Seguran\u00e7a P\u00fablica e o lema A paz \u00e9 fruto da justi\u00e7a!\u201d, explica o presidente da Comiss\u00e3o Justi\u00e7a e Paz da arquidiocese de Bras\u00edlia, H\u00e9lio Jos\u00e9 da Silva.<\/p>\n<p style=\"text-align: justify\">\u201cA proposta do encontro objetiva ainda, apresentar sugest\u00f5es e possibilidades para melhor organizar o processo de anima\u00e7\u00e3o da CF-2009, bem como promover a reflex\u00e3o sobre os desafios impostos a sociedade sobre a quest\u00e3o da viol\u00eancia, e identificar alternativas de solu\u00e7\u00e3o a serem assumidas por todos aqueles que desejam fortalecer a justi\u00e7a em busca da paz duradoura\u201d, observa Silva.<\/p>\n<p style=\"text-align: justify\">Participar\u00e1 tamb\u00e9m do encontro o secret\u00e1rio de Seguran\u00e7a P\u00fablica, Valmir Lemos de Oliveira, que discutir\u00e1 o Papel do Estado e os Compromissos dos Cidad\u00e3os na Promo\u00e7\u00e3o da Seguran\u00e7a P\u00fablica no Distrito Federal. Garantiu presen\u00e7a, tamb\u00e9m, o Procurador da Rep\u00fablica no Distrito Federal, Guilherme Zanina Schelb. Ele abordar\u00e1 o tema Cuidar de quem Cuida \u2013 A\u00e7\u00f5es do Cotidiano na Promo\u00e7\u00e3o da Justi\u00e7a e Preven\u00e7\u00e3o da Viol\u00eancia.<\/p>\n<p style=\"text-align: justify\">O encontro \u00e9 direcionado aos representantes das comunidades paroquiais, das pastorais e dos movimentos; associa\u00e7\u00f5es e servi\u00e7os de leigos da arquidiocese; de estabelecimentos de ensino e ainda aos representantes de diversos seguimentos da sociedade civil organizada e a todos que queiram contribuir com a reflex\u00e3o sobre o tema proposto.<\/p>\n<p style=\"text-align: justify\">O evento ser\u00e1 realizado no Audit\u00f3rio Central S\u00e3o Jo\u00e3o Batista de La Salle, na Universidade Cat\u00f3lica de Bras\u00edlia em Taguatinga Sul. As inscri\u00e7\u00f5es ser\u00e3o gratuitas e poder\u00e3o ser feitas no local<\/p>\n<p style=\"text-align: justify\">Mais informa\u00e7\u00f5es pelos telefones 3223-3512 e 3213 3335, ou pelo e-mail justicaepaz.mab@terra.com.br<\/p>\n","protected":false},"excerpt":{"rendered":"<p>A arquidiocese de Bras\u00edlia realiza amanh\u00e3, 14, das 8h \u00e0s 17h, um encontro para aprofundar o conhecimento sobre as causas da que atinge a sociedade de Bras\u00edlia, especialmente as fam\u00edlias e os jovens. Ao mesmo tempo, a arquidiocese quer identificar alternativas de solu\u00e7\u00e3o para fortalecer a justi\u00e7a, em busca do desenvolvimento da cultura da Paz &hellip;<\/p>\n<p class=\"read-more\"> <a class=\"\" href=\"https:\/\/www.cnbb.org.br\/arquidiocese-debate-as-causas-da-violencia-em-brasilia\/\"> <span class=\"screen-reader-text\">Arquidiocese debate as causas da viol\u00eancia em Bras\u00edlia<\/span> Leia mais &raquo;<\/a><\/p>\n","protected":false},"author":83,"featured_media":0,"comment_status":"open","ping_status":"open","sticky":false,"template":"","format":"standard","meta":{"site-sidebar-layout":"default","site-content-layout":"default","ast-global-header-display":"","ast-banner-title-visibility":"","ast-main-header-display":"","ast-hfb-above-header-display":"","ast-hfb-below-header-display":"","ast-hfb-mobile-header-display":"","site-post-title":"","ast-breadcrumbs-content":"","ast-featured-img":"","footer-sml-layout":"","theme-transparent-header-meta":"","adv-header-id-meta":"","stick-header-meta":"","header-above-stick-meta":"","header-main-stick-meta":"","header-below-stick-meta":""},"categories":[782,769],"tags":[],"acf":[],"_links":{"self":[{"href":"https:\/\/www.cnbb.org.br\/cnbb-app\/wp\/v2\/posts\/21385"}],"collection":[{"href":"https:\/\/www.cnbb.org.br\/cnbb-app\/wp\/v2\/posts"}],"about":[{"href":"https:\/\/www.cnbb.org.br\/cnbb-app\/wp\/v2\/types\/post"}],"author":[{"embeddable":true,"href":"https:\/\/www.cnbb.org.br\/cnbb-app\/wp\/v2\/users\/83"}],"replies":[{"embeddable":true,"href":"https:\/\/www.cnbb.org.br\/cnbb-app\/wp\/v2\/comments?post=21385"}],"version-history":[{"count":0,"href":"https:\/\/www.cnbb.org.br\/cnbb-app\/wp\/v2\/posts\/21385\/revisions"}],"wp:attachment":[{"href":"https:\/\/www.cnbb.org.br\/cnbb-app\/wp\/v2\/media?parent=21385"}],"wp:term":[{"taxonomy":"category","embeddable":true,"href":"https:\/\/www.cnbb.org.br\/cnbb-app\/wp\/v2\/categories?post=21385"},{"taxonomy":"post_tag","embeddable":true,"href":"https:\/\/www.cnbb.org.br\/cnbb-app\/wp\/v2\/tags?post=21385"}],"curies":[{"name":"wp","href":"https:\/\/api.w.org\/{rel}","templated":true}]}}