{"id":21390,"date":"2010-04-13T00:00:00","date_gmt":"2010-04-13T03:00:00","guid":{"rendered":"https:\/\/www.cnbb.org.br\/congresso-eucaristico-nacional-tem-tudo-a-ver-com-os-50-anos-de-brasilia-diz-dom-joao-braz-de-aviz\/"},"modified":"2010-04-13T00:00:00","modified_gmt":"2010-04-13T03:00:00","slug":"congresso-eucaristico-nacional-tem-tudo-a-ver-com-os-50-anos-de-brasilia-diz-dom-joao-braz-de-aviz","status":"publish","type":"post","link":"https:\/\/www.cnbb.org.br\/congresso-eucaristico-nacional-tem-tudo-a-ver-com-os-50-anos-de-brasilia-diz-dom-joao-braz-de-aviz\/","title":{"rendered":"Congresso Eucar\u00edstico Nacional tem tudo a ver com os 50 anos de Bras\u00edlia, diz dom Jo\u00e3o Braz de Aviz"},"content":{"rendered":"<p style=\"text-align: justify\">\u201cO 16\u00b0 Congresso Eucar\u00edstico Nacional ser\u00e1 um momento de celebrar o jubileu da arquidiocese juntamente com os 50 anos da cidade de Bras\u00edlia, porque a hist\u00f3ria dessa capital tem tudo a ver com a hist\u00f3ria do nascimento da Igreja particular de Bras\u00edlia\u201d. A afirma\u00e7\u00e3o \u00e9 do arcebispo de Bras\u00edlia, dom Jo\u00e3o Braz de Aviz, durante a coletiva de imprensa que aconteceu na tarde desta ter\u00e7a-feira, 13, na c\u00faria metropolitana.<\/p>\n<p>  <!--more-->  <\/p>\n<p style=\"text-align: justify\">Dom Jo\u00e3o comentou que foi secret\u00e1rio do 13\u00ba Congresso Eucar\u00edstico de Vit\u00f3ria (ES) e que o acontecimento mudou a cara da cidade durante a semana do evento. Ele destacou que sua pretens\u00e3o, desde que chegou a Bras\u00edlia, em 2004, \u00e9 fazer um Congresso que marque tamb\u00e9m os 50 anos da capital. \u201cEu pensei para o anivers\u00e1rio de 50 anos de Bras\u00edlia um acontecimento religioso que marcasse a cidade da mesma forma que o 13\u00ba Congresso mudou a cara de Vit\u00f3ria. At\u00e9 mesmo o prefeito da cidade na \u00e9poca, hoje governador do estado, afirmou que o munic\u00edpio viveu um \u2018estado de gra\u00e7a\u2019 nos dias do CEN. Impressionou a quantidade de viol\u00eancia que diminui em Vit\u00f3ria durante o evento\u201d.<\/p>\n<p style=\"text-align: justify\">O arcebispo tamb\u00e9m falou sobre a programa\u00e7\u00e3o do CEN. \u201cA Esplanada dos Minist\u00e9rios\u201d, disse ele, \u201cser\u00e1 um dos centros do evento ao longo dos dias 13 e 16 de maio\u201d. O altar-monumento, com 23 metros de altura e 150 de largura, constru\u00eddo em frente ao Congresso Nacional, j\u00e1 est\u00e1 quase pronto para receber cerca de 300 bispos e 2 mil sacerdotes durante as celebra\u00e7\u00f5es. \u201cAli vamos realizar grandes celebra\u00e7\u00f5es eucar\u00edsticas e momentos de reuni\u00f5es. Contamos com a participa\u00e7\u00e3o de 300 mil pessoas ao longo do Congresso\u201d, antecipou o arcebispo.<\/p>\n<p style=\"text-align: justify\">Para dom Jo\u00e3o, os 50 anos da capital brasileira representa muito tamb\u00e9m na vida da Igreja. Ele relembrou um pouco dessa hist\u00f3ria e liga\u00e7\u00e3o da Igreja com a nova capital, logo quando foi anunciada a constru\u00e7\u00e3o de Bras\u00edlia. \u201cCelebrar o Congresso Eucar\u00edstico Nacional em Bras\u00edlia no anivers\u00e1rio de 50 anos da capital \u00e9 muito importante porque Bras\u00edlia vai ser tamb\u00e9m a capital nacional da eucaristia e isso relembra grandes acontecimentos, pois nossa Igreja particular n\u00e3o existiria sem a capital e essa vis\u00e3o n\u00f3s trazemos para o Congresso. \u00c9 importante ressaltar tamb\u00e9m que a cidade, desde seu nascimento, teve um rosto voltado para a Igreja, algo importante que o Congresso ir\u00e1 resgatar com exposi\u00e7\u00f5es, fotografias hist\u00f3ricas\u201d, disse dom Jo\u00e3o.<\/p>\n<p style=\"text-align: justify\"><img decoding=\"async\" loading=\"lazy\" class=\" alignleft size-full wp-image-3604\" style=\"float: left\" alt=\"CEN_1\" src=\"https:\/\/www.cnbb.org.br\/wp-content\/uploads\/2020\/03\/CEN_1.jpg\" width=\"559\" height=\"419\" \/>Outro ponto destacado pelo arcebispo \u00e9 a participa\u00e7\u00e3o do enviado da Santa S\u00e9 ao Congresso, o cardeal prefeito da Congrega\u00e7\u00e3o para o Clero, dom Claudio Hummes. Ele vai participar de seis atividades durante o evento. Sobre a participa\u00e7\u00e3o de outros bispos, dom Jo\u00e3o disse que a maioria, cerca de 300 a 350 bispos, dever\u00e1 participar do Congresso, isso porque a 48\u00aa Assembleia Geral da Confer\u00eancia Nacional dos Bispos do Brasil vai acontecer entre os dias 4 e 10 de maio, em Bras\u00edlia, possibilitando assim a participa\u00e7\u00e3o dos prelados no 16\u00ba CEN.<\/p>\n<p style=\"text-align: justify\"><strong>Simp\u00f3sio de Teologia e Bio\u00e9tica<\/strong><\/p>\n<p style=\"text-align: justify\">Nos dois primeiros dias, o Centro de Conven\u00e7\u00f5es Ulisses Guimar\u00e3es receber\u00e1 os simp\u00f3sios de Teologia e Bio\u00e9tica. Os eventos ter\u00e3o como foco o tema \u201cP\u00e3o da Unidade dos Disc\u00edpulos Mission\u00e1rios\u201d e o lema \u201cFica conosco, Senhor!\u201d. Segundo dom Jo\u00e3o, os dois simp\u00f3sios trar\u00e3o para o Congresso temas ligados ao atual cen\u00e1rio pol\u00edtico e social brasileiro, bem como a concep\u00e7\u00e3o da vida at\u00e9 a morte natural.<\/p>\n<p style=\"text-align: justify\">Confira todas as fotos da coletiva no<a href=\"http:\/\/www.flickr.com\/photos\/cnbbnacional\/sets\/72157623723543323\/\" target=\"_blank\" rel=\"noopener\"> <span style=\"font-size: 14pt\"><span style=\"font-family: arial,helvetica,sans-serif\"><strong><span style=\"color: #0000ff\">Flick<\/span><span style=\"color: #ff0000\">r<\/span><\/strong><\/span><\/span><\/a>. Clique aqui.<\/p>\n","protected":false},"excerpt":{"rendered":"<p>\u201cO 16\u00b0 Congresso Eucar\u00edstico Nacional ser\u00e1 um momento de celebrar o jubileu da arquidiocese juntamente com os 50 anos da cidade de Bras\u00edlia, porque a hist\u00f3ria dessa capital tem tudo a ver com a hist\u00f3ria do nascimento da Igreja particular de Bras\u00edlia\u201d. A afirma\u00e7\u00e3o \u00e9 do arcebispo de Bras\u00edlia, dom Jo\u00e3o Braz de Aviz, durante &hellip;<\/p>\n<p class=\"read-more\"> <a class=\"\" href=\"https:\/\/www.cnbb.org.br\/congresso-eucaristico-nacional-tem-tudo-a-ver-com-os-50-anos-de-brasilia-diz-dom-joao-braz-de-aviz\/\"> <span class=\"screen-reader-text\">Congresso Eucar\u00edstico Nacional tem tudo a ver com os 50 anos de Bras\u00edlia, diz dom Jo\u00e3o Braz de Aviz<\/span> Leia mais &raquo;<\/a><\/p>\n","protected":false},"author":83,"featured_media":21391,"comment_status":"open","ping_status":"open","sticky":false,"template":"","format":"standard","meta":{"site-sidebar-layout":"default","site-content-layout":"default","ast-global-header-display":"","ast-banner-title-visibility":"","ast-main-header-display":"","ast-hfb-above-header-display":"","ast-hfb-below-header-display":"","ast-hfb-mobile-header-display":"","site-post-title":"","ast-breadcrumbs-content":"","ast-featured-img":"","footer-sml-layout":"","theme-transparent-header-meta":"","adv-header-id-meta":"","stick-header-meta":"","header-above-stick-meta":"","header-main-stick-meta":"","header-below-stick-meta":""},"categories":[782,769],"tags":[],"acf":[],"_links":{"self":[{"href":"https:\/\/www.cnbb.org.br\/cnbb-app\/wp\/v2\/posts\/21390"}],"collection":[{"href":"https:\/\/www.cnbb.org.br\/cnbb-app\/wp\/v2\/posts"}],"about":[{"href":"https:\/\/www.cnbb.org.br\/cnbb-app\/wp\/v2\/types\/post"}],"author":[{"embeddable":true,"href":"https:\/\/www.cnbb.org.br\/cnbb-app\/wp\/v2\/users\/83"}],"replies":[{"embeddable":true,"href":"https:\/\/www.cnbb.org.br\/cnbb-app\/wp\/v2\/comments?post=21390"}],"version-history":[{"count":0,"href":"https:\/\/www.cnbb.org.br\/cnbb-app\/wp\/v2\/posts\/21390\/revisions"}],"wp:featuredmedia":[{"embeddable":true,"href":"https:\/\/www.cnbb.org.br\/cnbb-app\/wp\/v2\/media\/21391"}],"wp:attachment":[{"href":"https:\/\/www.cnbb.org.br\/cnbb-app\/wp\/v2\/media?parent=21390"}],"wp:term":[{"taxonomy":"category","embeddable":true,"href":"https:\/\/www.cnbb.org.br\/cnbb-app\/wp\/v2\/categories?post=21390"},{"taxonomy":"post_tag","embeddable":true,"href":"https:\/\/www.cnbb.org.br\/cnbb-app\/wp\/v2\/tags?post=21390"}],"curies":[{"name":"wp","href":"https:\/\/api.w.org\/{rel}","templated":true}]}}