{"id":21417,"date":"2010-06-17T00:00:00","date_gmt":"2010-06-17T03:00:00","guid":{"rendered":"https:\/\/www.cnbb.org.br\/diocese-de-anapolis-lembra-7o-dia-de-falecimento-de-dom-epaminondas\/"},"modified":"2010-06-17T00:00:00","modified_gmt":"2010-06-17T03:00:00","slug":"diocese-de-anapolis-lembra-7o-dia-de-falecimento-de-dom-epaminondas","status":"publish","type":"post","link":"https:\/\/www.cnbb.org.br\/diocese-de-anapolis-lembra-7o-dia-de-falecimento-de-dom-epaminondas\/","title":{"rendered":"Diocese de An\u00e1polis lembra 7\u00ba dia de falecimento de dom Epaminondas"},"content":{"rendered":"<p style=\"text-align: justify\">A diocese de An\u00e1polis (GO) celebrou o 7\u00ba dia de falecimento de dom Epaminondas Jos\u00e9 de Ara\u00fajo, 1\u00ba bispo de An\u00e1polis, falecido no dia 9 de junho, em Jo\u00e3o Pessoa (PB), aos 88 anos. A missa, celebrada na \u00faltima ter\u00e7a-feira,15, na Catedral do Bom Jesus, foi presidida pelo bispo diocesano, dom Jo\u00e3o Wilk.<\/p>\n<p><!--more--><\/p>\n<p style=\"text-align: justify\">A foto oficial de dom Epaminondas, com a fita negra representando o luto por sua morte, foi exposta no altar da Catedral. A comunidade anapolina p\u00f4de prestar sua homenagem ao bispo que teve a responsabilidade de implantar a diocese, no per\u00edodo de 1966-1978.<\/p>\n<p style=\"text-align: justify\">Dom Jo\u00e3o Wilk, em sua homilia, lembrou que dom Epaminondas fazia parte de uma gera\u00e7\u00e3o que viveu uma \u00e9poca singular na vida da Igreja. &#8220;Esses bispos patriarcas, formados no esp\u00edrito do Conc\u00edlio Vaticano II, j\u00e1 est\u00e3o partindo. \u00c9 importante que n\u00f3s, que fomos formados no forte entusiasmo promovido pelo Conc\u00edlio Vaticano II, transmitamos aos mais jovens essas figuras e a contribui\u00e7\u00e3o que eles deixaram para o crescimento da Igreja&#8221;, disse o bispo.<\/p>\n<p style=\"text-align: justify\">Dom Epaminondas tinha como lema episcopal: &#8220;In Verbo Tuo&#8221;, ou seja, &#8220;Na Tua Palavra&#8221;.<\/p>\n","protected":false},"excerpt":{"rendered":"<p>A diocese de An\u00e1polis (GO) celebrou o 7\u00ba dia de falecimento de dom Epaminondas Jos\u00e9 de Ara\u00fajo, 1\u00ba bispo de An\u00e1polis, falecido no dia 9 de junho, em Jo\u00e3o Pessoa (PB), aos 88 anos. A missa, celebrada na \u00faltima ter\u00e7a-feira,15, na Catedral do Bom Jesus, foi presidida pelo bispo diocesano, dom Jo\u00e3o Wilk.<\/p>\n","protected":false},"author":83,"featured_media":21418,"comment_status":"open","ping_status":"open","sticky":false,"template":"","format":"standard","meta":{"site-sidebar-layout":"default","site-content-layout":"default","ast-global-header-display":"","ast-banner-title-visibility":"","ast-main-header-display":"","ast-hfb-above-header-display":"","ast-hfb-below-header-display":"","ast-hfb-mobile-header-display":"","site-post-title":"","ast-breadcrumbs-content":"","ast-featured-img":"","footer-sml-layout":"","theme-transparent-header-meta":"","adv-header-id-meta":"","stick-header-meta":"","header-above-stick-meta":"","header-main-stick-meta":"","header-below-stick-meta":""},"categories":[782,769],"tags":[],"acf":[],"_links":{"self":[{"href":"https:\/\/www.cnbb.org.br\/cnbb-app\/wp\/v2\/posts\/21417"}],"collection":[{"href":"https:\/\/www.cnbb.org.br\/cnbb-app\/wp\/v2\/posts"}],"about":[{"href":"https:\/\/www.cnbb.org.br\/cnbb-app\/wp\/v2\/types\/post"}],"author":[{"embeddable":true,"href":"https:\/\/www.cnbb.org.br\/cnbb-app\/wp\/v2\/users\/83"}],"replies":[{"embeddable":true,"href":"https:\/\/www.cnbb.org.br\/cnbb-app\/wp\/v2\/comments?post=21417"}],"version-history":[{"count":0,"href":"https:\/\/www.cnbb.org.br\/cnbb-app\/wp\/v2\/posts\/21417\/revisions"}],"wp:featuredmedia":[{"embeddable":true,"href":"https:\/\/www.cnbb.org.br\/cnbb-app\/wp\/v2\/media\/21418"}],"wp:attachment":[{"href":"https:\/\/www.cnbb.org.br\/cnbb-app\/wp\/v2\/media?parent=21417"}],"wp:term":[{"taxonomy":"category","embeddable":true,"href":"https:\/\/www.cnbb.org.br\/cnbb-app\/wp\/v2\/categories?post=21417"},{"taxonomy":"post_tag","embeddable":true,"href":"https:\/\/www.cnbb.org.br\/cnbb-app\/wp\/v2\/tags?post=21417"}],"curies":[{"name":"wp","href":"https:\/\/api.w.org\/{rel}","templated":true}]}}