{"id":21424,"date":"2010-07-07T00:00:00","date_gmt":"2010-07-07T03:00:00","guid":{"rendered":"https:\/\/www.cnbb.org.br\/congresso-missionario-dimensao-espiritual-e-o-tema-do-dia\/"},"modified":"2010-07-07T00:00:00","modified_gmt":"2010-07-07T03:00:00","slug":"congresso-missionario-dimensao-espiritual-e-o-tema-do-dia","status":"publish","type":"post","link":"https:\/\/www.cnbb.org.br\/congresso-missionario-dimensao-espiritual-e-o-tema-do-dia\/","title":{"rendered":"Congresso Mission\u00e1rio: dimens\u00e3o espiritual \u00e9 o tema do dia"},"content":{"rendered":"<p style=\"text-align: justify\">O provincial dos verbitas no Paran\u00e1, padre Joachim Andrade, \u00e9 o conferencista do desta quarta-feira, 7, no Congresso Mission\u00e1rio de Seminaristas, realizado por Comiss\u00f5es e Organismos vinculados \u00e0 CNBB. O padre, que \u00e9 indiano, falar\u00e1 sobre a dimens\u00e3o espiritual na forma\u00e7\u00e3o dos padres para uma miss\u00e3o sem fronteiras.<\/p>\n<p><!--more--><\/p>\n<p style=\"text-align: justify\">O Congresso \u00e9 realizado em Bras\u00edlia e conta com a participa\u00e7\u00e3o 160 pessoas, sendo 140 seminaristas, 10 padres que trabalham em semin\u00e1rios, al\u00e9m da equipe organizadora.<\/p>\n<p style=\"text-align: justify\">O bispo de S\u00e3o Raimundo Nonato (PI), dom Pedro Brito, orientou a ora\u00e7\u00e3o que abriu os trabalhos na manh\u00e3 de hoje. O bispo lembrou que o protagonista da miss\u00e3o \u00e9 o Esp\u00edrito Santo.<\/p>\n<p style=\"text-align: justify\">\u201cFazemos miss\u00e3o e acertamos mais, quando estamos guiados pelo Esp\u00edrito Santo\u201d, disse dom Pedro.<\/p>\n<p style=\"text-align: justify\"><strong>Testemunhos<\/strong><\/p>\n<p style=\"text-align: justify\"><img decoding=\"async\" loading=\"lazy\" class=\" alignleft size-full wp-image-5340\" style=\"float: left\" src=\"https:\/\/www.cnbb.org.br\/wp-content\/uploads\/2020\/03\/Testemunhos1.jpg\" alt=\"Testemunhos1\" width=\"300\" height=\"201\" \/>T\u00eam chamado aten\u00e7\u00e3o no Congresso os pain\u00e9is de testemunhos que antecedem as confer\u00eancias. Ontem, contaram sua experi\u00eancia mission\u00e1ria o padre Gerv\u00e1sio Queiroga, da diocese de Quixad\u00e1 (CE); padre Jo\u00e3o Bortoloci, mission\u00e1rio xaveriano, que ficou dez anos em Mo\u00e7ambique, atualmente em Hortol\u00e2ndia (SP) e o seminarista Adelson Clemente, da arquidiocese de Mariana (MG).<\/p>\n<p style=\"text-align: justify\">Os testemunhos hoje foram dados pelo padre Ubajara Paz de Figueiredo, professor no semin\u00e1rio da arquidiocese de Campo Grande (MS); padre Jos\u00e9 Marcelino Filho, da diocese de Itabira-Coronel Fabriciano (MG) e do seminarista da arquidiocese de Bras\u00edlia, Fabr\u00edcio Ara\u00fajo dos Santos.<\/p>\n<h3 style=\"text-align: justify\">Programa\u00e7\u00e3o<\/h3>\n<ul>\n<li><strong>07h00 \u2013 07h30:<\/strong> Chegada ao local do congresso<\/li>\n<li><strong>7h30 \u2013 08h15:<\/strong> <em>Caf\u00e9 da manh\u00e3<\/em><\/li>\n<li><strong>8h15 \u2013 9h00:<\/strong> Laudes e medita\u00e7\u00e3o: At 16,6-10 Conduzida por Dom Pedro Britto Guimar\u00e3es, bispo de S\u00e3o Raimundo Nonato, PI, membro da Comiss\u00e3o Episcopal Pastoral para a A\u00e7\u00e3o Mission\u00e1ria.<\/li>\n<li><strong>9h00 \u2013 10h00:<\/strong> Painel tem\u00e1tico: O HORIZONTE \u201cNosso desejo \u00e9 que esta V Confer\u00eancia seja est\u00edmulo para que muitos disc\u00edpulos de nossas Igrejas v\u00e3o e evangelizem na outra margem. A f\u00e9 se fortalece quando \u00e9 transmitida e \u00e9 preciso que em nosso continente entremos em nova primavera da miss\u00e3o ad gentes\u201d (DAp 379)<\/li>\n<li><strong>10h00 \u2013 10h30:<\/strong> <em>Intervalo<\/em><\/li>\n<li><strong>10h30 \u2013 12h30:<\/strong> Confer\u00eancia: A dimens\u00e3o espiritual da forma\u00e7\u00e3o presbiteral para uma miss\u00e3o sem fronteiras \u2013 Pe. Joachim Andrade, SDV<\/li>\n<li><strong>12h30 \u2013 13h30:<\/strong> <em>Almo\u00e7o<\/em><\/li>\n<li><strong>13h30 \u2013 14h00:<\/strong> Anima\u00e7\u00e3o com v\u00eddeo-testemunho mission\u00e1rio<\/li>\n<li><strong>14h00 \u2013 15h30:<\/strong> Tarde de Espiritualidade<\/li>\n<li><strong>15h30 \u2013 17h30:<\/strong> Jogo da semifinal da Copa do Mundo<\/li>\n<li><strong>17h30 \u2013 18h00:<\/strong> <em>Intervalo<\/em><\/li>\n<li><strong>18h00 \u2013 19h00:<\/strong> Missa com v\u00e9speras presidida por Dom Vit\u00f3rio Pavanello, SDB, arcebispo de Campo Grande, MS.<\/li>\n<li><strong>19h00 \u2013 20h00:<\/strong> <em>Janta<\/em><\/li>\n<li><strong>20h00 \u2013 20h30:<\/strong> <em>Intervalo<\/em><\/li>\n<li><strong>20h30 \u2013 21h30:<\/strong> Apresenta\u00e7\u00e3o de dan\u00e7a cl\u00e1ssica indiana, estilo Bharata Natyam \u2013 Pe. Joachim Andrade, SDV<\/li>\n<li><strong>21h30 \u2013 22h00:<\/strong> Sa\u00edda para as resid\u00eancias<\/li>\n<\/ul>\n<h3 style=\"text-align: justify\"><a href=\"http:\/\/www.flickr.com\/photos\/cnbbnacional\/collections\/72157624427838322\/\" target=\"_blank\" rel=\"noopener\">Confira as fotos no Flick<span style=\"color: #ff0000\">r<\/span>.<\/a><\/h3>\n","protected":false},"excerpt":{"rendered":"<p>O provincial dos verbitas no Paran\u00e1, padre Joachim Andrade, \u00e9 o conferencista do desta quarta-feira, 7, no Congresso Mission\u00e1rio de Seminaristas, realizado por Comiss\u00f5es e Organismos vinculados \u00e0 CNBB. O padre, que \u00e9 indiano, falar\u00e1 sobre a dimens\u00e3o espiritual na forma\u00e7\u00e3o dos padres para uma miss\u00e3o sem fronteiras.<\/p>\n","protected":false},"author":83,"featured_media":21425,"comment_status":"open","ping_status":"open","sticky":false,"template":"","format":"standard","meta":{"site-sidebar-layout":"default","site-content-layout":"default","ast-global-header-display":"","ast-banner-title-visibility":"","ast-main-header-display":"","ast-hfb-above-header-display":"","ast-hfb-below-header-display":"","ast-hfb-mobile-header-display":"","site-post-title":"","ast-breadcrumbs-content":"","ast-featured-img":"","footer-sml-layout":"","theme-transparent-header-meta":"","adv-header-id-meta":"","stick-header-meta":"","header-above-stick-meta":"","header-main-stick-meta":"","header-below-stick-meta":""},"categories":[782,769],"tags":[],"acf":[],"_links":{"self":[{"href":"https:\/\/www.cnbb.org.br\/cnbb-app\/wp\/v2\/posts\/21424"}],"collection":[{"href":"https:\/\/www.cnbb.org.br\/cnbb-app\/wp\/v2\/posts"}],"about":[{"href":"https:\/\/www.cnbb.org.br\/cnbb-app\/wp\/v2\/types\/post"}],"author":[{"embeddable":true,"href":"https:\/\/www.cnbb.org.br\/cnbb-app\/wp\/v2\/users\/83"}],"replies":[{"embeddable":true,"href":"https:\/\/www.cnbb.org.br\/cnbb-app\/wp\/v2\/comments?post=21424"}],"version-history":[{"count":0,"href":"https:\/\/www.cnbb.org.br\/cnbb-app\/wp\/v2\/posts\/21424\/revisions"}],"wp:featuredmedia":[{"embeddable":true,"href":"https:\/\/www.cnbb.org.br\/cnbb-app\/wp\/v2\/media\/21425"}],"wp:attachment":[{"href":"https:\/\/www.cnbb.org.br\/cnbb-app\/wp\/v2\/media?parent=21424"}],"wp:term":[{"taxonomy":"category","embeddable":true,"href":"https:\/\/www.cnbb.org.br\/cnbb-app\/wp\/v2\/categories?post=21424"},{"taxonomy":"post_tag","embeddable":true,"href":"https:\/\/www.cnbb.org.br\/cnbb-app\/wp\/v2\/tags?post=21424"}],"curies":[{"name":"wp","href":"https:\/\/api.w.org\/{rel}","templated":true}]}}