{"id":21451,"date":"2010-11-16T00:00:00","date_gmt":"2010-11-16T02:00:00","guid":{"rendered":"https:\/\/www.cnbb.org.br\/papa-recebe-bispos-do-regional-centro-oeste-e-fala-sobre-conferencia-episcopal\/"},"modified":"2010-11-16T00:00:00","modified_gmt":"2010-11-16T02:00:00","slug":"papa-recebe-bispos-do-regional-centro-oeste-e-fala-sobre-conferencia-episcopal","status":"publish","type":"post","link":"https:\/\/www.cnbb.org.br\/papa-recebe-bispos-do-regional-centro-oeste-e-fala-sobre-conferencia-episcopal\/","title":{"rendered":"Papa recebe bispos do Regional Centro Oeste e fala sobre Confer\u00eancia Episcopal"},"content":{"rendered":"<p style=\"text-align: justify\">O papa Bento XVI recebeu, nesta segunda-feira, 15, os bispos do Regional Centro Oeste da CNBB (Goi\u00e1s, Tocantins e Distrito Federal), que est\u00e3o em visita <em>ad limina<\/em><\/p>\n<p> desde s\u00e1bado, 13. O papa foi saudado pelo presidente do Regional e arcebispo de Bras\u00edlia (DF), dom Jo\u00e3o Braz de Aviz.      <!--more-->  <\/p>\n<p style=\"text-align: justify\">Em seu discurso aos 21 bispos brasileiros, Bento XVI salientou a \u2018import\u00e2ncia da a\u00e7\u00e3o evangelizadora da Igreja na constru\u00e7\u00e3o da identidade brasileira\u201d e recordou que a CNBB, h\u00e1 quase 60 anos, \u201c\u00e9 um ponto de refer\u00eancia da sociedade brasileira, propondo-se sempre mais e acima de tudo como um lugar onde se vive a caridade\u201d.<\/p>\n<p style=\"text-align: justify\">O papa destacou o papel da Confer\u00eancia Episcopal como uma das formas encontradas para exercitar \u201cconjunta e harmoniosamente\u201d algumas fun\u00e7\u00f5es pastorais \u201cpara o bem dos fi\u00e9is e de todos os cidad\u00e3os dum determinado territ\u00f3rio\u201d.<\/p>\n<p style=\"text-align: justify\">\u201cA Confer\u00eancia Episcopal promove a uni\u00e3o de esfor\u00e7os e de inten\u00e7\u00f5es dos bispos, tornando-se um instrumento para que possam compartilhar as suas fatigas; deve, por\u00e9m, evitar de colocar-se como uma realidade paralela ou substitutiva do minist\u00e9rio de cada um dos bispos, ou seja, n\u00e3o mudando a sua rela\u00e7\u00e3o com a respectiva Igreja particular e com o Col\u00e9gio Episcopal, nem constituindo um intermedi\u00e1rio entre o bispo e a S\u00e9 de Pedro\u201d.<\/p>\n<p style=\"text-align: justify\">O Regional Centro Oeste \u00e9 o \u00faltimo grupo de bispos brasileiros a fazer a visita <em>ad limina<\/em>, que come\u00e7ou no ano passado. A visita termina no dia 19.<\/p>\n<p style=\"text-align: justify\">Leia, abaixo, a \u00edntegra do discurso do papa.<\/p>\n<div style=\"text-align: center\"><strong><span style=\"font-size: 14pt\">Discurso do papa Bento XVI aos bispos do <\/span><\/strong><\/div>\n<div style=\"text-align: center\"><strong><span style=\"font-size: 14pt\">Regional Centro Oeste da CNBB <\/span><\/strong><\/div>\n<div style=\"text-align: center\"><strong><span style=\"font-size: 14pt\">em visita ad limina apostolorum<\/span><\/strong><\/div>\n<p style=\"text-align: center\"><em>Segunda-feira, 15 de Novembro de 2010<\/em><\/p>\n<p style=\"text-align: justify\">Queridos Irm\u00e3os Bispos,<\/p>\n<p>Estou feliz por vos dar as boas-vindas na ocasi\u00e3o da vossa visita ad Limina. Viestes \u00e0 cidade onde Pedro, por \u00faltimo, cumpriu a sua miss\u00e3o de evangeliza\u00e7\u00e3o e deu testemunho de Cristo at\u00e9 \u00e0 efus\u00e3o do seu pr\u00f3prio sangue; viestes ver e saudar o Sucessor de Pedro. Deste modo fortaleceis os fundamentos apost\u00f3licos da Igreja no vosso pa\u00eds e expressais visivelmente a vossa comunh\u00e3o com todos os demais membros do Col\u00e9gio episcopal e com o pr\u00f3prio Pont\u00edfice romano (cf. Pastores gregis, 8). Deste teor s\u00e3o as am\u00e1veis palavras que o Senhor Arcebispo de Bras\u00edlia, Dom Jo\u00e3o Braz, me dirigiu em vosso nome e que agrade\u00e7o, enquanto vos asseguro do meu cordial afeto e das minhas ora\u00e7\u00f5es por v\u00f3s e por todas as pessoas confiadas aos vossos cuidados pastorais.<\/p>\n<p style=\"text-align: justify\">Com a visita do Regional Centro Oeste, se encerra este ciclo de encontros dos Prelados brasileiros com o Papa que se iniciou h\u00e1 mais de um ano. Por uma feliz coincid\u00eancia, na data do discurso que dirigi ao primeiro grupo de Bispos era a vossa Festa Nacional da Independ\u00eancia, enquanto o \u00faltimo discurso que hoje pronuncio tem lugar justamente no dia em que se recorda a proclama\u00e7\u00e3o da Rep\u00fablica no Brasil. Aproveito o fato para sublinhar uma vez mais a import\u00e2ncia da a\u00e7\u00e3o evangelizadora da Igreja na constru\u00e7\u00e3o da identidade brasileira. Como bem sabeis, a atual sociedade secularizada exige dos crist\u00e3os um renovado testemunho de vida para que o an\u00fancio do Evangelho seja acolhido como aquilo que \u00e9: a Boa Not\u00edcia da a\u00e7\u00e3o salv\u00edfica de Deus que vem ao encontro do homem.<\/p>\n<p style=\"text-align: justify\">Neste sentido, h\u00e1 quase 60 anos, a Confer\u00eancia Nacional dos Bispos do Brasil \u00e9 um ponto de refer\u00eancia da sociedade brasileira, propondo-se sempre mais e acima de tudo como um lugar onde se vive a caridade. Com efeito, o primeiro testemunho que se espera dos anunciadores da Palavra de Deus \u00e9 o da caridade rec\u00edproca: \u00abNisto conhecer\u00e3o todos que sois os meus disc\u00edpulos: se vos amardes uns aos outros\u00bb (Jo 13, 32). A vossa, como ali\u00e1s as demais Confer\u00eancias Episcopais, nasceu como concreta aplica\u00e7\u00e3o do afeto colegial dos Bispos em comunh\u00e3o hier\u00e1rquica com o Sucessor de Pedro, para ser um instrumento de comunh\u00e3o afetiva e efetiva entre todos os membros, e de eficaz colabora\u00e7\u00e3o com o Pastor de cada Igreja particular na tr\u00edplice fun\u00e7\u00e3o de ensinar, santificar e governar as ovelhas do pr\u00f3prio rebanho.<\/p>\n<p style=\"text-align: justify\">Ora, a Confer\u00eancia Episcopal apresenta-se como uma das formas, encontradas sob a guia do Esp\u00edrito Santo, que consente exercitar conjunta e harmoniosamente algumas fun\u00e7\u00f5es pastorais para o bem dos fi\u00e9is e de todos os cidad\u00e3os dum determinado territ\u00f3rio (cf. C\u00f3digo de Direito Can\u00f4nico, c\u00e2n. 447). De fato, uma coopera\u00e7\u00e3o sempre mais estreita e concorde com os seus irm\u00e3os no minist\u00e9rio ajuda os Bispos a cumprir melhor o seu mandato (cf. Christus Dominus, 37), sem abdicar da responsabilidade primeira de apascentar como pastor pr\u00f3prio, ordin\u00e1rio e imediato sua Igreja particular (cf. Motu pr\u00f3prio Apostolos suos, 10), fazendo-a ouvir a voz de Jesus Cristo, que \u201c\u00e9 o mesmo, ontem, hoje e sempre\u201d (Hb 13, 8).<\/p>\n<p style=\"text-align: justify\">Assim sendo, a Confer\u00eancia Episcopal promove a uni\u00e3o de esfor\u00e7os e de inten\u00e7\u00f5es dos Bispos, tornando-se um instrumento para que possam compartilhar as suas fatigas; deve, por\u00e9m, evitar de colocar-se como uma realidade paralela ou substitutiva do minist\u00e9rio de cada um dos Bispos, ou seja, n\u00e3o mudando a sua rela\u00e7\u00e3o com a respectiva Igreja particular e com o Col\u00e9gio Episcopal, nem constituindo um intermedi\u00e1rio entre o Bispo e a S\u00e9 de Pedro.<\/p>\n<p style=\"text-align: justify\">Entretanto, no fiel exerc\u00edcio da fun\u00e7\u00e3o doutrinal que vos corresponde, quando vos reunis nas vossas Assembl\u00e9ias, queridos Bispos, deveis sobretudo estudar os meios mais eficazes para fazer chegar oportunamente o magist\u00e9rio universal ao povo que vos foi confiado. Essa fun\u00e7\u00e3o doutrinal ser\u00e1 desempenhada nos termos indicados por meu venerado predecessor, o Papa Jo\u00e3o Paulo II, no Motu Pr\u00f3prio \u201cApostolos suos\u201d, tamb\u00e9m ao abordar as novas quest\u00f5es emergentes, para depois poder orientar a consci\u00eancia dos homens para encontrarem a reta solu\u00e7\u00e3o para os novos problemas suscitados pelas transforma\u00e7\u00f5es sociais e culturais.<\/p>\n<p style=\"text-align: justify\">De modo especial, alguns temas recomendam hoje uma a\u00e7\u00e3o conjunta dos Bispos: a promo\u00e7\u00e3o e a tutela da f\u00e9 e da moral, a tradu\u00e7\u00e3o dos livros lit\u00fargicos, a promo\u00e7\u00e3o e forma\u00e7\u00e3o das voca\u00e7\u00f5es de especial consagra\u00e7\u00e3o, elabora\u00e7\u00e3o de subs\u00eddios para a catequese, o compromisso ecum\u00eanico, as rela\u00e7\u00f5es com as autoridades civis, a defesa da vida humana, desde a concep\u00e7\u00e3o at\u00e9 a morte natural, a santidade da fam\u00edlia e do matrim\u00f4nio entre homem e mulher, o direito dos pais a educar seus filhos, a liberdade religiosa, os outros direitos humanos, a paz e a justi\u00e7a social.<\/p>\n<p style=\"text-align: justify\">Ao mesmo tempo, \u00e9 necess\u00e1rio lembrar que os assessores e as estruturas da Confer\u00eancia Episcopal existem para o servi\u00e7o aos Bispos, n\u00e3o para substitu\u00ed-los. Trata-se, em definitiva, de buscar que a Confer\u00eancia Episcopal, com seus organismos, funcione sempre mais como \u00f3rg\u00e3o propulsor da solicitude pastoral dos Bispos, cuja preocupa\u00e7\u00e3o prim\u00e1ria deve ser a salva\u00e7\u00e3o das almas, que \u00e9, ali\u00e1s, a miss\u00e3o fundamental da Igreja.<\/p>\n<p style=\"text-align: justify\">Queridos irm\u00e3os, no final do nosso encontro, gostaria de vos convidar a olhar para o futuro com os olhos de Cristo, depondo n\u2019Ele a vossa esperan\u00e7a, pois \u00aba esperan\u00e7a n\u00e3o decepciona, porque o amor de Deus foi derramado em nossos cora\u00e7\u00f5es pelo Esp\u00edrito Santo que nos foi dado\u00bb (Rm 5,5). Reiterando o meu profundo afeto pelo povo brasileiro, confio o Brasil \u00e0 intercess\u00e3o materna da Virgem Maria, Nossa Senhora Aparecida, modelo de todos os disc\u00edpulos: Ela vos conduza pelos caminhos de seu Filho. E, lembrando cada um dos Prelados brasileiros que, durante estes \u00faltimos catorze meses, passaram por aqui em visita ad Limina e tamb\u00e9m aqueles que n\u00e3o puderam vir por problemas de sa\u00fade, de todo o cora\u00e7\u00e3o concedo-vos, assim como aos sacerdotes, aos religiosos, \u00e0s religiosas, aos catequistas e a todos os vossos diocesanos, a B\u00ean\u00e7\u00e3o Apost\u00f3lica.<\/p>\n","protected":false},"excerpt":{"rendered":"<p>O papa Bento XVI recebeu, nesta segunda-feira, 15, os bispos do Regional Centro Oeste da CNBB (Goi\u00e1s, Tocantins e Distrito Federal), que est\u00e3o em visita ad limina desde s\u00e1bado, 13. O papa foi saudado pelo presidente do Regional e arcebispo de Bras\u00edlia (DF), dom Jo\u00e3o Braz de Aviz.<\/p>\n","protected":false},"author":83,"featured_media":21452,"comment_status":"open","ping_status":"open","sticky":false,"template":"","format":"standard","meta":{"site-sidebar-layout":"default","site-content-layout":"default","ast-global-header-display":"","ast-banner-title-visibility":"","ast-main-header-display":"","ast-hfb-above-header-display":"","ast-hfb-below-header-display":"","ast-hfb-mobile-header-display":"","site-post-title":"","ast-breadcrumbs-content":"","ast-featured-img":"","footer-sml-layout":"","theme-transparent-header-meta":"","adv-header-id-meta":"","stick-header-meta":"","header-above-stick-meta":"","header-main-stick-meta":"","header-below-stick-meta":""},"categories":[782,769],"tags":[],"acf":[],"_links":{"self":[{"href":"https:\/\/www.cnbb.org.br\/cnbb-app\/wp\/v2\/posts\/21451"}],"collection":[{"href":"https:\/\/www.cnbb.org.br\/cnbb-app\/wp\/v2\/posts"}],"about":[{"href":"https:\/\/www.cnbb.org.br\/cnbb-app\/wp\/v2\/types\/post"}],"author":[{"embeddable":true,"href":"https:\/\/www.cnbb.org.br\/cnbb-app\/wp\/v2\/users\/83"}],"replies":[{"embeddable":true,"href":"https:\/\/www.cnbb.org.br\/cnbb-app\/wp\/v2\/comments?post=21451"}],"version-history":[{"count":0,"href":"https:\/\/www.cnbb.org.br\/cnbb-app\/wp\/v2\/posts\/21451\/revisions"}],"wp:featuredmedia":[{"embeddable":true,"href":"https:\/\/www.cnbb.org.br\/cnbb-app\/wp\/v2\/media\/21452"}],"wp:attachment":[{"href":"https:\/\/www.cnbb.org.br\/cnbb-app\/wp\/v2\/media?parent=21451"}],"wp:term":[{"taxonomy":"category","embeddable":true,"href":"https:\/\/www.cnbb.org.br\/cnbb-app\/wp\/v2\/categories?post=21451"},{"taxonomy":"post_tag","embeddable":true,"href":"https:\/\/www.cnbb.org.br\/cnbb-app\/wp\/v2\/tags?post=21451"}],"curies":[{"name":"wp","href":"https:\/\/api.w.org\/{rel}","templated":true}]}}