{"id":21488,"date":"2012-01-20T00:00:00","date_gmt":"2012-01-20T02:00:00","guid":{"rendered":"https:\/\/www.cnbb.org.br\/cnbb-e-arquidiocese-de-basilia-realizam-celebracao-e-agradecem-dom-lorenzo-baldisseri\/"},"modified":"2012-01-20T00:00:00","modified_gmt":"2012-01-20T02:00:00","slug":"cnbb-e-arquidiocese-de-basilia-realizam-celebracao-e-agradecem-dom-lorenzo-baldisseri","status":"publish","type":"post","link":"https:\/\/www.cnbb.org.br\/cnbb-e-arquidiocese-de-basilia-realizam-celebracao-e-agradecem-dom-lorenzo-baldisseri\/","title":{"rendered":"CNBB e Arquidiocese de Bras\u00edlia realizam celebra\u00e7\u00e3o e agradecem Dom Lorenzo Baldisseri"},"content":{"rendered":"<p style=\"text-align: justify\">A Confer\u00eancia Nacional dos Bispos do Brasil (CNBB) e a Arquidiocese de Bras\u00edlia realizam celebra\u00e7\u00e3o da Eucaristia na Catedral Metropolitana da capital em a\u00e7\u00e3o de gra\u00e7as pelo trabalho realizado pelo N\u00fancio Apost\u00f3lico, Dom Lorenzo Baldisseri, durante mais de 8 anos que serviu \u00e0 Igreja no Brasil. Dom Baldisseri foi nomeado no \u00faltimo dia 11 de janeiro, novo secretario da Congrega\u00e7\u00e3o para os Bispos da Santa S\u00e9.<\/p>\n<p><!--more--><\/p>\n<p style=\"text-align: justify\">Em entrevista a m\u00eddia cat\u00f3lica, Dom Baldisseri considerou que sua nomea\u00e7\u00e3o como secret\u00e1rio para a Congrega\u00e7\u00e3o para os Bispos foi uma demonstra\u00e7\u00e3o da confian\u00e7a do Papa Bento XVI em sua pessoa, responsabilidade que ele assume com a confian\u00e7a de uma vida dedicada ao servi\u00e7o da Igreja. O N\u00fancio Apost\u00f3lico no Brasil deve se transferir para Roma nos pr\u00f3ximos dias. Enquanto isso, Dom Baldisseri visita as diversas arquidioceses do Brasil para se despedir pessoalmente dos membros da Igreja no pa\u00eds. O sucessor de Dom Baldisseri na Nunciatura Apost\u00f3lica no Brasil ainda ser\u00e1 escolhido e anunciado pelo Vaticano, algo que ele espera acontecer logo, segundo informa\u00e7\u00f5es dadas por ele ao site da Can\u00e7\u00e3o Nova.<\/p>\n<p style=\"text-align: justify\">\u201cA Nunciatura no Brasil n\u00e3o pode ficar vazia muito tempo. \u00c9 um pa\u00eds muito grande. A congrega\u00e7\u00e3o e episcopado do Brasil s\u00e3o os maiores do mundo, ent\u00e3o \u00e9 preciso que um n\u00fancio esteja presente, bem como frente ao Estado\u201d, salientou.\u00a0 E comunicou seus pr\u00f3ximos planos: \u201cEm primeiro lugar, quero me colocar \u00e0 disposi\u00e7\u00e3o do Santo Padre e do presidente da Congrega\u00e7\u00e3o, Dom Marc Ouellet, e contribuir com minha experi\u00eancia como n\u00fancio. Tenho 39 de experi\u00eancia diplom\u00e1tica ao redor do mundo, em quatro dos cinco continentes. Isso me d\u00e1 a garantia para que eu possa compreender as realidades que se apresentam nos diferentes pa\u00edses e continentes\u201d, sublinhou o novo secret\u00e1rio da Congrega\u00e7\u00e3o para os Bispos aos redatores da Can\u00e7\u00e3o Nova.<\/p>\n<p style=\"text-align: justify\">Anote:<\/p>\n<p style=\"text-align: justify\"><strong>Celebra\u00e7\u00e3o da Eucaristia<\/strong><\/p>\n<p style=\"text-align: justify\">Dia 5 de fevereiro de 2012<\/p>\n<p style=\"text-align: justify\">10 hs da manh\u00e3<\/p>\n<p style=\"text-align: justify\">Catedral Metropolitana de Bras\u00edlia<\/p>\n<p style=\"text-align: justify\">A celebra\u00e7\u00e3o em Bras\u00edlia ser\u00e1 oportunidade para participa\u00e7\u00e3o de bispos, diplomatas, autoridades e de representantes do povo brasileiro agradecer o trabalho feito por Dom Baldisseri e rezar pela continuidade de seus trabalhos em favor da Igreja em Roma. O cardeal Arcebispo de Aparecida e presidente da CNBB, Dom Raymundo Damasceno Assis, em nota oficial, por ocasi\u00e3o da nomea\u00e7\u00e3o de Dom Baldisseri, afirmou: \u201cEm nome do episcopado brasileiro, agradecemos profundamente a Dom Baldisseri pelo seu valioso trabalho junto ao governo e a Igreja no Brasil e asseguramos as nossas ora\u00e7\u00f5es pelo \u00eaxito de sua nova miss\u00e3o a servi\u00e7o da Igreja como secret\u00e1rio da Congrega\u00e7\u00e3o para os bispos. Temos a certeza de que a Igreja no Brasil ser\u00e1 sempre grata pelo seu fecundo trabalho realizado como N\u00fancio Apost\u00f3lico em nosso pa\u00eds\u201d.<\/p>\n","protected":false},"excerpt":{"rendered":"<p>A Confer\u00eancia Nacional dos Bispos do Brasil (CNBB) e a Arquidiocese de Bras\u00edlia realizam celebra\u00e7\u00e3o da Eucaristia na Catedral Metropolitana da capital em a\u00e7\u00e3o de gra\u00e7as pelo trabalho realizado pelo N\u00fancio Apost\u00f3lico, Dom Lorenzo Baldisseri, durante mais de 8 anos que serviu \u00e0 Igreja no Brasil. Dom Baldisseri foi nomeado no \u00faltimo dia 11 de &hellip;<\/p>\n<p class=\"read-more\"> <a class=\"\" href=\"https:\/\/www.cnbb.org.br\/cnbb-e-arquidiocese-de-basilia-realizam-celebracao-e-agradecem-dom-lorenzo-baldisseri\/\"> <span class=\"screen-reader-text\">CNBB e Arquidiocese de Bras\u00edlia realizam celebra\u00e7\u00e3o e agradecem Dom Lorenzo Baldisseri<\/span> Leia mais &raquo;<\/a><\/p>\n","protected":false},"author":83,"featured_media":21489,"comment_status":"open","ping_status":"open","sticky":false,"template":"","format":"standard","meta":{"site-sidebar-layout":"default","site-content-layout":"default","ast-global-header-display":"","ast-banner-title-visibility":"","ast-main-header-display":"","ast-hfb-above-header-display":"","ast-hfb-below-header-display":"","ast-hfb-mobile-header-display":"","site-post-title":"","ast-breadcrumbs-content":"","ast-featured-img":"","footer-sml-layout":"","theme-transparent-header-meta":"","adv-header-id-meta":"","stick-header-meta":"","header-above-stick-meta":"","header-main-stick-meta":"","header-below-stick-meta":""},"categories":[782,769],"tags":[],"acf":[],"_links":{"self":[{"href":"https:\/\/www.cnbb.org.br\/cnbb-app\/wp\/v2\/posts\/21488"}],"collection":[{"href":"https:\/\/www.cnbb.org.br\/cnbb-app\/wp\/v2\/posts"}],"about":[{"href":"https:\/\/www.cnbb.org.br\/cnbb-app\/wp\/v2\/types\/post"}],"author":[{"embeddable":true,"href":"https:\/\/www.cnbb.org.br\/cnbb-app\/wp\/v2\/users\/83"}],"replies":[{"embeddable":true,"href":"https:\/\/www.cnbb.org.br\/cnbb-app\/wp\/v2\/comments?post=21488"}],"version-history":[{"count":0,"href":"https:\/\/www.cnbb.org.br\/cnbb-app\/wp\/v2\/posts\/21488\/revisions"}],"wp:featuredmedia":[{"embeddable":true,"href":"https:\/\/www.cnbb.org.br\/cnbb-app\/wp\/v2\/media\/21489"}],"wp:attachment":[{"href":"https:\/\/www.cnbb.org.br\/cnbb-app\/wp\/v2\/media?parent=21488"}],"wp:term":[{"taxonomy":"category","embeddable":true,"href":"https:\/\/www.cnbb.org.br\/cnbb-app\/wp\/v2\/categories?post=21488"},{"taxonomy":"post_tag","embeddable":true,"href":"https:\/\/www.cnbb.org.br\/cnbb-app\/wp\/v2\/tags?post=21488"}],"curies":[{"name":"wp","href":"https:\/\/api.w.org\/{rel}","templated":true}]}}