{"id":21500,"date":"2012-05-28T00:00:00","date_gmt":"2012-05-28T03:00:00","guid":{"rendered":"https:\/\/www.cnbb.org.br\/arcebispo-de-goiania-nao-permite-insercao-deqoracoes-de-curaq-na-missa\/"},"modified":"2012-05-28T00:00:00","modified_gmt":"2012-05-28T03:00:00","slug":"arcebispo-de-goiania-nao-permite-insercao-deqoracoes-de-curaq-na-missa","status":"publish","type":"post","link":"https:\/\/www.cnbb.org.br\/arcebispo-de-goiania-nao-permite-insercao-deqoracoes-de-curaq-na-missa\/","title":{"rendered":"Arcebispo de Goi\u00e2nia n\u00e3o permite inser\u00e7\u00e3o de&#8221;ora\u00e7\u00f5es de cura&#8221; na Missa"},"content":{"rendered":"<div style=\"text-align: justify\">O arcebispo de Goi\u00e2nia (GO), Dom Washington Cruz, assinou decreto, no in\u00edcio de abril \u00faltimo, n\u00e3o permitindo a inser\u00e7\u00e3o de &#8220;ora\u00e7\u00f5es de cura&#8221; durante a celebra\u00e7\u00e3o da missa. O arcebispo lembra, no Decreto, que as ora\u00e7\u00f5es de cura lit\u00fargicas se celebrem segundo o rito prescrito e com as vestes sagradas indicadas no <em>Ordo benedictionis infirmorum do Rituale Romanum<\/em>.<\/div>\n<p><!--more--><\/p>\n<p style=\"text-align: justify\">Veja a \u00edntegra do Decreto:<\/p>\n<p style=\"text-align: justify\"><strong>Considerando<\/strong><\/p>\n<p style=\"text-align: justify\">\u2022 a Instr. Ardens felicitatis, da Congrega\u00e7\u00e3o para a Doutrina da F\u00e9 (14 de setembro de 2000), na qual se afirma que \u00aba pr\u00f3pria Igreja na sua liturgia pede ao Senhor pela sa\u00fade dos enfermos\u00bb (n. 2);<\/p>\n<p style=\"text-align: justify\">\u2022 o documento n. 53 da Confer\u00eancia Nacional dos Bispos do Brasil (27 de novembro de 1994), no qual se estabeleceu que \u00abNas celebra\u00e7\u00f5es, observe-se a legisla\u00e7\u00e3o lit\u00fargica [ ..] N\u00e3o se introduzam elementos estranhos \u00e0 tradi\u00e7\u00e3o lit\u00fargica da Igreja ou que estejam em desacordo com o que estabelece o Magist\u00e9rio ou aquilo que \u00e9 exigido pela pr\u00f3pria \u00edndole da celebra\u00e7\u00e3o\u00bb (n. 40);<\/p>\n<p style=\"text-align: justify\">\u2022 a compet\u00eancia do Bispo diocesano de \u00abdar normas relativas \u00e0 liturgia, \u00e0s quais todos s\u00e3o obrigados\u00bb (c\u00e2n. 838, \u00a7 4),<\/p>\n<p style=\"text-align: justify\"><strong>DECRETA<\/strong><\/p>\n<p style=\"text-align: justify\">&#8211; que as ora\u00e7\u00f5es de cura lit\u00fargicas se celebrem segundo o rito prescrito e com as vestes sagradas indicadas no Ordo benedictionis infirmorum do Rituale Romanum;<\/p>\n<p style=\"text-align: justify\">&#8211; que o uso de instrumentos de comunica\u00e7\u00e3o social, durante as ora\u00e7\u00f5es de cura, tanto lit\u00fargicas como n\u00e3o lit\u00fargicas, seja submetido \u00e0 vigil\u00e2ncia do Bispo, conforme o c\u00e2n. 823;<\/p>\n<p style=\"text-align: justify\">&#8211; que n\u00e3o se insiram ora\u00e7\u00f5es de cura, lit\u00fargicas ou n\u00e3o lit\u00fargicas, na celebra\u00e7\u00e3o da Sant\u00edssima Eucaristia, dos Sacramentos e da Liturgia das Horas.<\/p>\n<p style=\"text-align: justify\">Consciente que &#8220;A interven\u00e7\u00e3o da autoridade do Bispo diocesano \u00e9 obrigat\u00f3ria e necess\u00e1ria, quando se verificarem abusos nas celebra\u00e7\u00f5es de cura, lit\u00fargicas ou n\u00e3o lit\u00fargicas, em caso de evidente esc\u00e2ndalo para a comunidade dos fi\u00e9is ou quando houver grave inobserv\u00e2ncia das normas lit\u00fargicas e disciplinares\u00bb (art. 10, Instr. Ardens felicitatis), estabelece que o presente decreto seja publicado e notificado no territ\u00f3rio da Arquidiocese.<\/p>\n<p style=\"text-align: justify\">Dado em Goi\u00e2nia, na sede da C\u00faria Metropolitana, aos 05 dias do m\u00eas de abril de 2012.<\/p>\n<p style=\"text-align: justify\">Dom Washington Cruz<\/p>\n<p style=\"text-align: justify\">Arcebispo Metropolitano de Goi\u00e2nia<\/p>\n","protected":false},"excerpt":{"rendered":"<p>O arcebispo de Goi\u00e2nia (GO), Dom Washington Cruz, assinou decreto, no in\u00edcio de abril \u00faltimo, n\u00e3o permitindo a inser\u00e7\u00e3o de &#8220;ora\u00e7\u00f5es de cura&#8221; durante a celebra\u00e7\u00e3o da missa. O arcebispo lembra, no Decreto, que as ora\u00e7\u00f5es de cura lit\u00fargicas se celebrem segundo o rito prescrito e com as vestes sagradas indicadas no Ordo benedictionis infirmorum &hellip;<\/p>\n<p class=\"read-more\"> <a class=\"\" href=\"https:\/\/www.cnbb.org.br\/arcebispo-de-goiania-nao-permite-insercao-deqoracoes-de-curaq-na-missa\/\"> <span class=\"screen-reader-text\">Arcebispo de Goi\u00e2nia n\u00e3o permite inser\u00e7\u00e3o de&#8221;ora\u00e7\u00f5es de cura&#8221; na Missa<\/span> Leia mais &raquo;<\/a><\/p>\n","protected":false},"author":83,"featured_media":21501,"comment_status":"open","ping_status":"open","sticky":false,"template":"","format":"standard","meta":{"site-sidebar-layout":"default","site-content-layout":"default","ast-global-header-display":"","ast-banner-title-visibility":"","ast-main-header-display":"","ast-hfb-above-header-display":"","ast-hfb-below-header-display":"","ast-hfb-mobile-header-display":"","site-post-title":"","ast-breadcrumbs-content":"","ast-featured-img":"","footer-sml-layout":"","theme-transparent-header-meta":"","adv-header-id-meta":"","stick-header-meta":"","header-above-stick-meta":"","header-main-stick-meta":"","header-below-stick-meta":""},"categories":[782,769],"tags":[],"acf":[],"_links":{"self":[{"href":"https:\/\/www.cnbb.org.br\/cnbb-app\/wp\/v2\/posts\/21500"}],"collection":[{"href":"https:\/\/www.cnbb.org.br\/cnbb-app\/wp\/v2\/posts"}],"about":[{"href":"https:\/\/www.cnbb.org.br\/cnbb-app\/wp\/v2\/types\/post"}],"author":[{"embeddable":true,"href":"https:\/\/www.cnbb.org.br\/cnbb-app\/wp\/v2\/users\/83"}],"replies":[{"embeddable":true,"href":"https:\/\/www.cnbb.org.br\/cnbb-app\/wp\/v2\/comments?post=21500"}],"version-history":[{"count":0,"href":"https:\/\/www.cnbb.org.br\/cnbb-app\/wp\/v2\/posts\/21500\/revisions"}],"wp:featuredmedia":[{"embeddable":true,"href":"https:\/\/www.cnbb.org.br\/cnbb-app\/wp\/v2\/media\/21501"}],"wp:attachment":[{"href":"https:\/\/www.cnbb.org.br\/cnbb-app\/wp\/v2\/media?parent=21500"}],"wp:term":[{"taxonomy":"category","embeddable":true,"href":"https:\/\/www.cnbb.org.br\/cnbb-app\/wp\/v2\/categories?post=21500"},{"taxonomy":"post_tag","embeddable":true,"href":"https:\/\/www.cnbb.org.br\/cnbb-app\/wp\/v2\/tags?post=21500"}],"curies":[{"name":"wp","href":"https:\/\/api.w.org\/{rel}","templated":true}]}}