{"id":21502,"date":"2012-05-30T00:00:00","date_gmt":"2012-05-30T03:00:00","guid":{"rendered":"https:\/\/www.cnbb.org.br\/diocese-de-uruacu-recebera-simbolos-da-jmj-no-dia-de-corpus-christi\/"},"modified":"2012-05-30T00:00:00","modified_gmt":"2012-05-30T03:00:00","slug":"diocese-de-uruacu-recebera-simbolos-da-jmj-no-dia-de-corpus-christi","status":"publish","type":"post","link":"https:\/\/www.cnbb.org.br\/diocese-de-uruacu-recebera-simbolos-da-jmj-no-dia-de-corpus-christi\/","title":{"rendered":"Diocese de Urua\u00e7u receber\u00e1 S\u00edmbolos da JMJ no dia de Corpus Christi"},"content":{"rendered":"<p style=\"text-align: justify\">A chegada dos S\u00edmbolos da Jornada Mundial da Juventude (JMJ) na diocese de Urua\u00e7u (GO) vai de encontro com duas grandes solenidades celebradas pela diocese de Urua\u00e7u, o Corpus Christi e os 55 anos de cria\u00e7\u00e3o da diocese de Urua\u00e7u. Desde o ano passado, diversas equipes est\u00e3o trabalhando para que os S\u00edmbolos da JMJ sejam acolhidos da melhor forma poss\u00edvel.<\/p>\n<p>  <!--more-->  <\/p>\n<p style=\"text-align: justify\">O bispo de Urua\u00e7u, dom Messias dos Reis Silveira destacou que na diocese, o Bote F\u00e9 \u00e9 o encontro dos jovens, de suas fam\u00edlias e amigos. \u201cPortanto, venham todos. N\u00e3o me\u00e7am esfor\u00e7os, pois, a Cruz, sinal de salva\u00e7\u00e3o e o \u00cdcone de Nossa Senhora estar\u00e3o conosco! N\u00e3o percam esta gra\u00e7a!\u201d, convidou.<\/p>\n<p style=\"text-align: justify\">Os respons\u00e1veis pelo Setor Juventude, juntamente com dom Messias, mobilizaram todas as equipe de jovens e padres para elabora\u00e7\u00e3o de um grande projeto para que este evento consiga celebrar gloriosamente as solenidades que o mesmo envolve.<\/p>\n<p style=\"text-align: justify\">A Cruz e o \u00cdcone de Nossa Senhora, durante dois dias \u2013 5 e 6 de junho &#8211; percorrer\u00e3o um longo trajeto nas escolas municipais e estaduais, faculdades, \u00f3rg\u00e3os p\u00fablicos, centros de recupera\u00e7\u00e3o de dependentes qu\u00edmicos, centros de reabilita\u00e7\u00e3o, casas religiosas e o semin\u00e1rio.<\/p>\n<p style=\"text-align: justify\">Ser\u00e1 realizada uma Via-Sacra toda encenada e meditada pela avenida principal da Cidade de Urua\u00e7u, onde os jovens far\u00e3o as reflex\u00f5es das esta\u00e7\u00f5es.<\/p>\n<p style=\"text-align: justify\"><strong>Mensagem do Bispo<\/strong><\/p>\n<p style=\"text-align: justify\"><strong><em>Queridos Diocesanos e Diocesanas!<\/em><\/strong><\/p>\n<p style=\"text-align: justify\"><em>&#8220;No peito eu levo uma cruz, no meu cora\u00e7\u00e3o o que disse Jesus&#8221;<\/em><\/p>\n<p style=\"text-align: justify\"><em>Estamos em festa e n\u00e3o posso deixar de anunciar com alegria uma palavra a voc\u00eas\u00a0 filhos e filhas de Deus que Ele confiou ao meu pastoreio.<\/em><\/p>\n<p style=\"text-align: justify\"><em>Uma clima gostoso paira em toda Diocese. Um sentimento de alegria se faz presente nos cora\u00e7\u00f5es esperan\u00e7osos, pois vamos festejar 55 anos da instala\u00e7\u00e3o da Diocese de Urua\u00e7u. Realizaremos uma solene a\u00e7\u00e3o de gra\u00e7as por essa hist\u00f3ria t\u00e3o bonita feita com o esfor\u00e7o de muita gente. A celebra\u00e7\u00e3o ser\u00e1 no dia 07 de junho, momento auge de nosso Bote F\u00e9 e dia de Corpus Christi.<\/em><\/p>\n<p style=\"text-align: justify\"><em>Bendito seja Deus por este dia t\u00e3o repleto de sentido para n\u00f3s. \u00c9 o dia em que celebramos o anivers\u00e1rio da p\u00e1scoa de nosso primeiro bispo diocesano, Dom Prada, \u00e9 dia de Corpus Christi, dia do Bote F\u00e9 Urua\u00e7u e dia de a\u00e7\u00e3o de gra\u00e7as pelos 55 anos de uma hist\u00f3ria em que as pessoas corajosamente carregaram a cruz guardando em seus cora\u00e7\u00f5es o que disse Jesus. Isso \u00e9 ser disc\u00edpulo. Nossa hist\u00f3ria \u00e9 eucaristizada e ser\u00e1 celebrada no Corpus Christi, \u00e9 uma hist\u00f3ria feita com f\u00e9 celebrada no dia do Bote F\u00e9, \u00e9 uma hist\u00f3ria iniciada com dom Prada, um bispo mission\u00e1rio entre n\u00f3s, prosseguida por Dom Jos\u00e9 Chaves que com muito zelo conduziu est\u00e1 Igreja por quase 40 anos e, continuada por mim, pobre servo do Senhor, juntamente com todos voc\u00eas. \u00c9 uma hist\u00f3ria constru\u00edda com a participa\u00e7\u00e3o de muita gente de boa f\u00e9.<\/em><\/p>\n<p style=\"text-align: justify\"><em>Convido a todos voc\u00eas diocesanos para esta festa. \u00c9 festa da Igreja, \u00e9 festa da fam\u00edlia. Neste evento daremos destaque \u00e0 juventude que com sua alegria, beleza e espiritualidade estender\u00e1 as m\u00e3os para acolher a Cruz mission\u00e1ria de Jo\u00e3o Paulo II e o \u00cccone de Nossa Senhora celebrando com alegria o Bote F\u00e9.<\/em><\/p>\n<p style=\"text-align: justify\"><em>Venham ver e beijar a cruz, ela \u00e9 \u00fanica no mundo e est\u00e1 passando nas dioceses preparando o Brasil para a Jornada Mundial da Juventude que acontecer\u00e1 no pr\u00f3ximo ano no Rio de Janeiro com a presen\u00e7a do Papa.<\/em><\/p>\n<p style=\"text-align: justify\"><em>Espero ver aqui em Urua\u00e7u nesta majestosa festa todos padres, di\u00e1conos, seminaristas, consagrados e consagradas, religiosos e religiosas, os agentes pastorais da Igreja, l\u00edderes de movimentos, todos que participam de pastoral e movimento, crian\u00e7as, adolescentes, jovens, pais, m\u00e3es, av\u00f3s, pessoas das cidades e das comunidades rurais e todos os crist\u00e3os que puderem vir. Espero muito por aqueles que se afastaram dos caminhos do Senhor e tomaram outras dire\u00e7\u00f5es. \u00c9 tempo de voltar. Teremos uma linda experi\u00eancia de visibilidade de nossa Igreja Diocesana.<\/em><\/p>\n<p style=\"text-align: justify\"><em>\u00c9 momento da gra\u00e7a de Deus para n\u00f3s. Deus nos visitar\u00e1 neste evento e n\u00f3s queremos acolh\u00ea-lo. A cidade de Urua\u00e7u est\u00e1 preparada para receber uma grande multid\u00e3o. Estamos contando com ajuda dos variados servi\u00e7os e poderes que servem a sociedade. Tudo est\u00e1 organizado. Teremos v\u00e1rios servi\u00e7os dispon\u00edveis para ajudar as pessoas a viverem bem o dia de f\u00e9. N\u00e3o v\u00e3o faltar intensos momentos de espiritualidade, forma\u00e7\u00e3o e lazer.<\/em><\/p>\n<p style=\"text-align: justify\"><em>A alimenta\u00e7\u00e3o ficar\u00e1 por conta de cada participante. Poder\u00e3o\u00a0 trazer alimentos\u00a0 de casa e teremos pra\u00e7a de alimenta\u00e7\u00e3o. Os restaurantes de Urua\u00e7u est\u00e3o preparados para servirem os visitantes. Aconselho os grupos que desejam para que fa\u00e7am a reserva do almo\u00e7o em algum restaurante evitando assim o tumulto.<\/em><\/p>\n<p style=\"text-align: justify\"><em>Quem desejar vir a partir do dia 05 e ficar\u00a0 acampado no p\u00e1tio do Semin\u00e1rio poder\u00e1 faz\u00ea-lo basta apenas comunicar. A programa\u00e7\u00e3o do evento pode ser vista no Portal da Diocese de Urua\u00e7u. Pe\u00e7o que fa\u00e7am chegar esta not\u00edcia ao m\u00e1ximo de pessoas que puderem.<\/em><\/p>\n<p style=\"text-align: justify\"><em>Incentivo a todos a participarem do Tr\u00edduo preparat\u00f3rio que ser\u00e1 realizado nas par\u00f3quias. A ora\u00e7\u00e3o ser\u00e1 muito necess\u00e1ria para a boa realiza\u00e7\u00e3o deste grandioso festejo.<\/em><\/p>\n<p style=\"text-align: justify\"><em>Na esperan\u00e7a de encontr\u00e1-los em breve envio a minha b\u00ean\u00e7\u00e3o episcopal.<\/em><\/p>\n<p style=\"text-align: center\"><em><strong>Dom Messias dos Reis Silveira<br \/>Bispo Diocesano<\/strong><\/em><\/p>\n","protected":false},"excerpt":{"rendered":"<p>A chegada dos S\u00edmbolos da Jornada Mundial da Juventude (JMJ) na diocese de Urua\u00e7u (GO) vai de encontro com duas grandes solenidades celebradas pela diocese de Urua\u00e7u, o Corpus Christi e os 55 anos de cria\u00e7\u00e3o da diocese de Urua\u00e7u. Desde o ano passado, diversas equipes est\u00e3o trabalhando para que os S\u00edmbolos da JMJ sejam &hellip;<\/p>\n<p class=\"read-more\"> <a class=\"\" href=\"https:\/\/www.cnbb.org.br\/diocese-de-uruacu-recebera-simbolos-da-jmj-no-dia-de-corpus-christi\/\"> <span class=\"screen-reader-text\">Diocese de Urua\u00e7u receber\u00e1 S\u00edmbolos da JMJ no dia de Corpus Christi<\/span> Leia mais &raquo;<\/a><\/p>\n","protected":false},"author":83,"featured_media":21503,"comment_status":"open","ping_status":"open","sticky":false,"template":"","format":"standard","meta":{"site-sidebar-layout":"default","site-content-layout":"default","ast-global-header-display":"","ast-banner-title-visibility":"","ast-main-header-display":"","ast-hfb-above-header-display":"","ast-hfb-below-header-display":"","ast-hfb-mobile-header-display":"","site-post-title":"","ast-breadcrumbs-content":"","ast-featured-img":"","footer-sml-layout":"","theme-transparent-header-meta":"","adv-header-id-meta":"","stick-header-meta":"","header-above-stick-meta":"","header-main-stick-meta":"","header-below-stick-meta":""},"categories":[782,769],"tags":[],"acf":[],"_links":{"self":[{"href":"https:\/\/www.cnbb.org.br\/cnbb-app\/wp\/v2\/posts\/21502"}],"collection":[{"href":"https:\/\/www.cnbb.org.br\/cnbb-app\/wp\/v2\/posts"}],"about":[{"href":"https:\/\/www.cnbb.org.br\/cnbb-app\/wp\/v2\/types\/post"}],"author":[{"embeddable":true,"href":"https:\/\/www.cnbb.org.br\/cnbb-app\/wp\/v2\/users\/83"}],"replies":[{"embeddable":true,"href":"https:\/\/www.cnbb.org.br\/cnbb-app\/wp\/v2\/comments?post=21502"}],"version-history":[{"count":0,"href":"https:\/\/www.cnbb.org.br\/cnbb-app\/wp\/v2\/posts\/21502\/revisions"}],"wp:featuredmedia":[{"embeddable":true,"href":"https:\/\/www.cnbb.org.br\/cnbb-app\/wp\/v2\/media\/21503"}],"wp:attachment":[{"href":"https:\/\/www.cnbb.org.br\/cnbb-app\/wp\/v2\/media?parent=21502"}],"wp:term":[{"taxonomy":"category","embeddable":true,"href":"https:\/\/www.cnbb.org.br\/cnbb-app\/wp\/v2\/categories?post=21502"},{"taxonomy":"post_tag","embeddable":true,"href":"https:\/\/www.cnbb.org.br\/cnbb-app\/wp\/v2\/tags?post=21502"}],"curies":[{"name":"wp","href":"https:\/\/api.w.org\/{rel}","templated":true}]}}