{"id":21519,"date":"2012-09-26T00:00:00","date_gmt":"2012-09-26T03:00:00","guid":{"rendered":"https:\/\/www.cnbb.org.br\/regional-centro-oeste-promove-encontro-da-pastorla-familiar\/"},"modified":"2012-09-26T00:00:00","modified_gmt":"2012-09-26T03:00:00","slug":"regional-centro-oeste-promove-encontro-da-pastorla-familiar","status":"publish","type":"post","link":"https:\/\/www.cnbb.org.br\/regional-centro-oeste-promove-encontro-da-pastorla-familiar\/","title":{"rendered":"Regional Centro-Oeste promove encontro da Pastoral Familiar"},"content":{"rendered":"<p style=\"text-align: justify\">A Pastoral Familiar do Regional Centro Oeste, reuniu-se na cidade de Goi\u00e2na (GO), no dia 22 de setembro, no Centro da Fam\u00edlia Sagrado Cora\u00e7\u00e3o de Jesus para mais um encontro de revis\u00e3o, avalia\u00e7\u00e3o e propostas de a\u00e7\u00f5es evangelizadoras em favor da Fam\u00edlia.<\/p>\n<p>  <!--more-->  <\/p>\n<p style=\"text-align: justify\">Com a presen\u00e7a de um n\u00famero consider\u00e1vel de dioceses presentes e com o desafio de estimular as coordena\u00e7\u00f5es diocesanas ausentes a estarem presentes na pr\u00f3xima reuni\u00e3o. Iniciou-se o encontro com a missa com a inten\u00e7\u00e3o principal de interceder pelo trabalho da Pastoral Familiar e pelas fam\u00edlias.<\/p>\n<p style=\"text-align: justify\">Depois o assessor nacional da Comiss\u00e3o Episcopal Pastoral para a Vida e a Fam\u00edlia, padre Wladimir Porreca, exp\u00f4s numa confer\u00eancia sobre a &#8216;Fam\u00edlia como sujeito social&#8217; e sobre a necessidade das Associa\u00e7\u00f5es de Fam\u00edlia, bem como, orienta\u00e7\u00f5es de como implant\u00e1-las no ano que vem.<\/p>\n<p style=\"text-align: justify\">Ap\u00f3s o almo\u00e7o, D\u00f3ris e Leo, casal coordenador regional, coordenaram a exposi\u00e7\u00e3o de cada diocese\u00a0 nos assuntos dos eventos e trabalhos pastorais realizados, dentro da realidade de cada localidade. E puderam constatar a riqueza nos trabalhos da Pastoral Familiar no regional.<\/p>\n<p style=\"text-align: justify\">Dom Washington Cruz, arcebispo metropolitando de Goiania, esteve presente e orientou os casais nos trabalhos pastorais e animou-os a servirem a Igreja com constante renovado ardor em favor das fam\u00edlias.<\/p>\n<p style=\"text-align: justify\">O encontro proporcionou aos participantes maior unidade entre si e a Comiss\u00e3o Nacional, maior integra\u00e7\u00e3o entre as dioceses e o desafiio que na pr\u00f3xima reuni\u00e3o possa contar com a presen\u00e7a da maioria das dioceses do Regional e procurar impatar naquelas dioceses e par\u00f3quias que n\u00e3o tem Pastoral Familiar.<\/p>\n","protected":false},"excerpt":{"rendered":"<p>A Pastoral Familiar do Regional Centro Oeste, reuniu-se na cidade de Goi\u00e2na (GO), no dia 22 de setembro, no Centro da Fam\u00edlia Sagrado Cora\u00e7\u00e3o de Jesus para mais um encontro de revis\u00e3o, avalia\u00e7\u00e3o e propostas de a\u00e7\u00f5es evangelizadoras em favor da Fam\u00edlia.<\/p>\n","protected":false},"author":83,"featured_media":21520,"comment_status":"open","ping_status":"open","sticky":false,"template":"","format":"standard","meta":{"site-sidebar-layout":"default","site-content-layout":"default","ast-global-header-display":"","ast-banner-title-visibility":"","ast-main-header-display":"","ast-hfb-above-header-display":"","ast-hfb-below-header-display":"","ast-hfb-mobile-header-display":"","site-post-title":"","ast-breadcrumbs-content":"","ast-featured-img":"","footer-sml-layout":"","theme-transparent-header-meta":"","adv-header-id-meta":"","stick-header-meta":"","header-above-stick-meta":"","header-main-stick-meta":"","header-below-stick-meta":""},"categories":[782,769],"tags":[],"acf":[],"_links":{"self":[{"href":"https:\/\/www.cnbb.org.br\/cnbb-app\/wp\/v2\/posts\/21519"}],"collection":[{"href":"https:\/\/www.cnbb.org.br\/cnbb-app\/wp\/v2\/posts"}],"about":[{"href":"https:\/\/www.cnbb.org.br\/cnbb-app\/wp\/v2\/types\/post"}],"author":[{"embeddable":true,"href":"https:\/\/www.cnbb.org.br\/cnbb-app\/wp\/v2\/users\/83"}],"replies":[{"embeddable":true,"href":"https:\/\/www.cnbb.org.br\/cnbb-app\/wp\/v2\/comments?post=21519"}],"version-history":[{"count":0,"href":"https:\/\/www.cnbb.org.br\/cnbb-app\/wp\/v2\/posts\/21519\/revisions"}],"wp:featuredmedia":[{"embeddable":true,"href":"https:\/\/www.cnbb.org.br\/cnbb-app\/wp\/v2\/media\/21520"}],"wp:attachment":[{"href":"https:\/\/www.cnbb.org.br\/cnbb-app\/wp\/v2\/media?parent=21519"}],"wp:term":[{"taxonomy":"category","embeddable":true,"href":"https:\/\/www.cnbb.org.br\/cnbb-app\/wp\/v2\/categories?post=21519"},{"taxonomy":"post_tag","embeddable":true,"href":"https:\/\/www.cnbb.org.br\/cnbb-app\/wp\/v2\/tags?post=21519"}],"curies":[{"name":"wp","href":"https:\/\/api.w.org\/{rel}","templated":true}]}}