{"id":21521,"date":"2012-10-05T00:00:00","date_gmt":"2012-10-05T03:00:00","guid":{"rendered":"https:\/\/www.cnbb.org.br\/28o-assembleia-eclesial-do-regional-centro-oeste\/"},"modified":"2012-10-05T00:00:00","modified_gmt":"2012-10-05T03:00:00","slug":"28o-assembleia-eclesial-do-regional-centro-oeste","status":"publish","type":"post","link":"https:\/\/www.cnbb.org.br\/28o-assembleia-eclesial-do-regional-centro-oeste\/","title":{"rendered":"18\u00aa Assembleia Eclesial do Regional Centro-Oeste"},"content":{"rendered":"<p style=\"text-align: justify\">As igrejas do Regional Centro-Oeste (Distrito Federal, Goi\u00e1s e Tocantins) est\u00e3o unidas em ora\u00e7\u00e3o, se preparando para a 18\u00aa Assembleia Eclesial (Assembleia do Povo de Deus) que ser\u00e1 realizada durante os dias 16, 17 e 18 de novembro de 2012, na diocese de Urua\u00e7u (GO).<\/p>\n<p>  <!--more-->  <\/p>\n<p style=\"text-align: justify\">Nesta Assembleia estar\u00e3o reunidos os bispos, os coordenadores diocesanos de Pastoral e as lideran\u00e7as leigas (de Pastoral, dos Movimentos e Organismos) das Comunidades Diocesanas que comp\u00f5em o Regional.<\/p>\n<p style=\"text-align: justify\">Durante o evento ser\u00e1 celebrado os \u201c50 anos de a\u00e7\u00e3o evangelizadora no cora\u00e7\u00e3o do Brasil\u201d, fazendo mem\u00f3ria a caminhada do Regional, bem como discutindo e propondo a\u00e7\u00f5es de evangeliza\u00e7\u00e3o para o futuro.<\/p>\n<p style=\"text-align: justify\">Visando o \u00eaxito da Assembleia, os fieis de todas as par\u00f3quias das comunidades diocesanas do Regional Centro-Oeste podem rezar a ora\u00e7\u00e3o da Assembleia.<\/p>\n<p style=\"text-align: justify\"><img decoding=\"async\" loading=\"lazy\" class=\" alignright size-full wp-image-16506\" style=\"float: right\" alt=\"oracao\" src=\"https:\/\/www.cnbb.org.br\/wp-content\/uploads\/2020\/03\/oracao.jpg\" height=\"1122\" width=\"555\" \/><\/p>\n","protected":false},"excerpt":{"rendered":"<p>As igrejas do Regional Centro-Oeste (Distrito Federal, Goi\u00e1s e Tocantins) est\u00e3o unidas em ora\u00e7\u00e3o, se preparando para a 18\u00aa Assembleia Eclesial (Assembleia do Povo de Deus) que ser\u00e1 realizada durante os dias 16, 17 e 18 de novembro de 2012, na diocese de Urua\u00e7u (GO).<\/p>\n","protected":false},"author":83,"featured_media":21522,"comment_status":"open","ping_status":"open","sticky":false,"template":"","format":"standard","meta":{"site-sidebar-layout":"default","site-content-layout":"default","ast-global-header-display":"","ast-banner-title-visibility":"","ast-main-header-display":"","ast-hfb-above-header-display":"","ast-hfb-below-header-display":"","ast-hfb-mobile-header-display":"","site-post-title":"","ast-breadcrumbs-content":"","ast-featured-img":"","footer-sml-layout":"","theme-transparent-header-meta":"","adv-header-id-meta":"","stick-header-meta":"","header-above-stick-meta":"","header-main-stick-meta":"","header-below-stick-meta":""},"categories":[782,769],"tags":[],"acf":[],"_links":{"self":[{"href":"https:\/\/www.cnbb.org.br\/cnbb-app\/wp\/v2\/posts\/21521"}],"collection":[{"href":"https:\/\/www.cnbb.org.br\/cnbb-app\/wp\/v2\/posts"}],"about":[{"href":"https:\/\/www.cnbb.org.br\/cnbb-app\/wp\/v2\/types\/post"}],"author":[{"embeddable":true,"href":"https:\/\/www.cnbb.org.br\/cnbb-app\/wp\/v2\/users\/83"}],"replies":[{"embeddable":true,"href":"https:\/\/www.cnbb.org.br\/cnbb-app\/wp\/v2\/comments?post=21521"}],"version-history":[{"count":0,"href":"https:\/\/www.cnbb.org.br\/cnbb-app\/wp\/v2\/posts\/21521\/revisions"}],"wp:featuredmedia":[{"embeddable":true,"href":"https:\/\/www.cnbb.org.br\/cnbb-app\/wp\/v2\/media\/21522"}],"wp:attachment":[{"href":"https:\/\/www.cnbb.org.br\/cnbb-app\/wp\/v2\/media?parent=21521"}],"wp:term":[{"taxonomy":"category","embeddable":true,"href":"https:\/\/www.cnbb.org.br\/cnbb-app\/wp\/v2\/categories?post=21521"},{"taxonomy":"post_tag","embeddable":true,"href":"https:\/\/www.cnbb.org.br\/cnbb-app\/wp\/v2\/tags?post=21521"}],"curies":[{"name":"wp","href":"https:\/\/api.w.org\/{rel}","templated":true}]}}