{"id":21584,"date":"2015-01-22T00:00:00","date_gmt":"2015-01-22T02:00:00","guid":{"rendered":"https:\/\/www.cnbb.org.br\/rede-celebra-inicia-ciclo-de-formacoes\/"},"modified":"2015-01-22T00:00:00","modified_gmt":"2015-01-22T02:00:00","slug":"rede-celebra-inicia-ciclo-de-formacoes","status":"publish","type":"post","link":"https:\/\/www.cnbb.org.br\/rede-celebra-inicia-ciclo-de-formacoes\/","title":{"rendered":"Rede Celebra inicia ciclo de forma\u00e7\u00f5es"},"content":{"rendered":"<p style=\"text-align: justify\"><span style=\"line-height: 1.3em\">A Rede Celebra de Anima\u00e7\u00e3o Lit\u00fargica promoveu entre os dias 4 e 16 de janeiro, em Goi\u00e2nia (GO), a primeira de tr\u00eas etapas do Curso de Capacita\u00e7\u00e3o e Especializa\u00e7\u00e3o em Liturgia. A forma\u00e7\u00e3o acontece no momento em que o grupo comemora 20 anos de anima\u00e7\u00e3o e forma\u00e7\u00e3o lit\u00fargica de equipes e comunidades eclesiais.<\/span><\/p>\n<p><!--more--><\/p>\n<p style=\"text-align: justify\">\u00a0<span style=\"line-height: 1.3em\">O Curso de Capacita\u00e7\u00e3o e Especializa\u00e7\u00e3o em Liturgia \u00e9 chancelado pelo Instituto de Filosofia e Teologia de Goi\u00e1s (IFITEG). O eixo norteador da forma\u00e7\u00e3o \u00e9 estudo da liturgia a partir do m\u00e9todo mistag\u00f3gico, tendo o rito como fonte de teologia lit\u00fargica, espiritualidade e renova\u00e7\u00e3o da pr\u00e1tica pastoral.<\/span><\/p>\n<p style=\"text-align: justify\">A proposta pedag\u00f3gica do curso, de acordo com a Rede Celebra, parte da \u201cexperi\u00eancia pessoal e comunit\u00e1ria, confrontando-a com a Sagrada Escritura e a mais genu\u00edna Tradi\u00e7\u00e3o da Igreja, levando em conta as ci\u00eancias humanas afins, no aprofundamento da liturgia com a perspectiva de recuper\u00e1-la como fonte privilegiada de vida espiritual e exerc\u00edcio do sacerd\u00f3cio batismal do povo de Deus, no contexto atual\u201d.<\/p>\n<p style=\"text-align: justify\">A modalidade de capacita\u00e7\u00e3o est\u00e1 em sua 5\u00aa edi\u00e7\u00e3o. Como especializa\u00e7\u00e3o, \u00e9 a terceira vez que a Rede oferece o curso.<\/p>\n<p style=\"text-align: justify\">As pr\u00f3ximas etapas est\u00e3o previstas para os per\u00edodos de 29 de junho a 07 de julho e de 04 a 16 de janeiro de 2016, no Instituto S\u00e3o Francisco, em Goi\u00e2nia.<\/p>\n<p style=\"text-align: justify\">A Rede celebra, ao comemorar os 20 anos de atua\u00e7\u00e3o, recorda sua motiva\u00e7\u00e3o na proposta de renova\u00e7\u00e3o lit\u00fargica trazida h\u00e1 cinco d\u00e9cadas pelo Conc\u00edlio Ecum\u00eanico Vaticano II, \u201cem sintonia com as aspira\u00e7\u00f5es das Confer\u00eancias da Igreja na Am\u00e9rica Latina e da Igreja no Brasil\u201d.<\/p>\n","protected":false},"excerpt":{"rendered":"<p>A Rede Celebra de Anima\u00e7\u00e3o Lit\u00fargica promoveu entre os dias 4 e 16 de janeiro, em Goi\u00e2nia (GO), a primeira de tr\u00eas etapas do Curso de Capacita\u00e7\u00e3o e Especializa\u00e7\u00e3o em Liturgia. A forma\u00e7\u00e3o acontece no momento em que o grupo comemora 20 anos de anima\u00e7\u00e3o e forma\u00e7\u00e3o lit\u00fargica de equipes e comunidades eclesiais.<\/p>\n","protected":false},"author":83,"featured_media":21585,"comment_status":"open","ping_status":"open","sticky":false,"template":"","format":"standard","meta":{"site-sidebar-layout":"default","site-content-layout":"default","ast-global-header-display":"","ast-banner-title-visibility":"","ast-main-header-display":"","ast-hfb-above-header-display":"","ast-hfb-below-header-display":"","ast-hfb-mobile-header-display":"","site-post-title":"","ast-breadcrumbs-content":"","ast-featured-img":"","footer-sml-layout":"","theme-transparent-header-meta":"","adv-header-id-meta":"","stick-header-meta":"","header-above-stick-meta":"","header-main-stick-meta":"","header-below-stick-meta":""},"categories":[782,769],"tags":[],"acf":[],"_links":{"self":[{"href":"https:\/\/www.cnbb.org.br\/cnbb-app\/wp\/v2\/posts\/21584"}],"collection":[{"href":"https:\/\/www.cnbb.org.br\/cnbb-app\/wp\/v2\/posts"}],"about":[{"href":"https:\/\/www.cnbb.org.br\/cnbb-app\/wp\/v2\/types\/post"}],"author":[{"embeddable":true,"href":"https:\/\/www.cnbb.org.br\/cnbb-app\/wp\/v2\/users\/83"}],"replies":[{"embeddable":true,"href":"https:\/\/www.cnbb.org.br\/cnbb-app\/wp\/v2\/comments?post=21584"}],"version-history":[{"count":0,"href":"https:\/\/www.cnbb.org.br\/cnbb-app\/wp\/v2\/posts\/21584\/revisions"}],"wp:featuredmedia":[{"embeddable":true,"href":"https:\/\/www.cnbb.org.br\/cnbb-app\/wp\/v2\/media\/21585"}],"wp:attachment":[{"href":"https:\/\/www.cnbb.org.br\/cnbb-app\/wp\/v2\/media?parent=21584"}],"wp:term":[{"taxonomy":"category","embeddable":true,"href":"https:\/\/www.cnbb.org.br\/cnbb-app\/wp\/v2\/categories?post=21584"},{"taxonomy":"post_tag","embeddable":true,"href":"https:\/\/www.cnbb.org.br\/cnbb-app\/wp\/v2\/tags?post=21584"}],"curies":[{"name":"wp","href":"https:\/\/api.w.org\/{rel}","templated":true}]}}