{"id":21601,"date":"2015-05-08T00:00:00","date_gmt":"2015-05-08T03:00:00","guid":{"rendered":"https:\/\/www.cnbb.org.br\/grupo-de-trabalho-prepara-19-assembleia-eclesial-do-regional-centro-oeste\/"},"modified":"2015-05-08T00:00:00","modified_gmt":"2015-05-08T03:00:00","slug":"grupo-de-trabalho-prepara-19-assembleia-eclesial-do-regional-centro-oeste","status":"publish","type":"post","link":"https:\/\/www.cnbb.org.br\/grupo-de-trabalho-prepara-19-assembleia-eclesial-do-regional-centro-oeste\/","title":{"rendered":"Grupo de trabalho prepara 19\u00aa Assembleia eclesial do regional Centro-Oeste"},"content":{"rendered":"<p style=\"text-align: justify\"><span style=\"font-size: 12.1599998474121px;line-height: 1.3em\">Na \u00faltima ter\u00e7a-feira, 5, o Grupo de Trabalho (GT) respons\u00e1vel pela estrutura e organiza\u00e7\u00e3o da pr\u00f3xima Assembleia Eclesial do regional Centro-Oeste da Confer\u00eancia Nacional dos Bispos do Brasil (CNBB), que se realizar\u00e1 em setembro, deu in\u00edcio aos encaminhamentos para o evento. Neste encontro, o grupo aprovou o regimento e definiu os primeiros passos para a assembleia.<\/span><\/p>\n<p>  <!--more-->  <\/p>\n<p style=\"text-align: justify\"><span style=\"font-size: 12.1599998474121px;line-height: 1.3em\">De acordo com o secret\u00e1rio executivo do regional, padre Eduardo Luiz de Rezende, um question\u00e1rio ser\u00e1 enviado aos coordenadores de pastoral e organismos das dioceses que dever\u00e3o responder e devolver o material at\u00e9 o pr\u00f3ximo dia 15 de junho, quando acontecer\u00e1 a segunda reuni\u00e3o do GT. A partir das respostas ser\u00e1 produzida uma apresenta\u00e7\u00e3o das atividades pastorais no regional.<\/span><\/p>\n<p style=\"text-align: justify\">Segundo o presidente do regional e bispo de Urua\u00e7u (GO), dom Messias dos Reis Silveira, o principal objetivo da assembleia ser\u00e1 nortear a atualiza\u00e7\u00e3o dos planos de pastoral das dioceses. \u201cVamos tra\u00e7ar orienta\u00e7\u00f5es para a formula\u00e7\u00e3o dos planos de pastoral das dioceses a partir da atualiza\u00e7\u00e3o das Diretrizes Gerais da A\u00e7\u00e3o Evangelizadora da Igreja no Brasil (DGAE), aprovadas na 53\u00aa Assembleia Geral da CNBB realizada no m\u00eas passado\u201d, explicou.<\/p>\n<p style=\"text-align: justify\">A 19\u00aa Assembleia Eclesial do Regional Centro-Oeste ter\u00e1 como tema \u201cIgreja toda ministerial a servi\u00e7o da sociedade\u201d e lema \u201cServir ao Senhor com Alegria\u201d (Sl 99, 2). O encontro ser\u00e1 realizado de 11 a 13 de setembro, na Casa de Conviv\u00eancia Sagrada Fam\u00edlia de Nazar\u00e9, em Brazl\u00e2ndia (DF).<\/p>\n<h5>Com informa\u00e7\u00f5es do regional Centro-Oeste<\/h5>\n<p>\u00a0<\/p>\n","protected":false},"excerpt":{"rendered":"<p>Na \u00faltima ter\u00e7a-feira, 5, o Grupo de Trabalho (GT) respons\u00e1vel pela estrutura e organiza\u00e7\u00e3o da pr\u00f3xima Assembleia Eclesial do regional Centro-Oeste da Confer\u00eancia Nacional dos Bispos do Brasil (CNBB), que se realizar\u00e1 em setembro, deu in\u00edcio aos encaminhamentos para o evento. Neste encontro, o grupo aprovou o regimento e definiu os primeiros passos para a &hellip;<\/p>\n<p class=\"read-more\"> <a class=\"\" href=\"https:\/\/www.cnbb.org.br\/grupo-de-trabalho-prepara-19-assembleia-eclesial-do-regional-centro-oeste\/\"> <span class=\"screen-reader-text\">Grupo de trabalho prepara 19\u00aa Assembleia eclesial do regional Centro-Oeste<\/span> Leia mais &raquo;<\/a><\/p>\n","protected":false},"author":83,"featured_media":21602,"comment_status":"open","ping_status":"open","sticky":false,"template":"","format":"standard","meta":{"site-sidebar-layout":"default","site-content-layout":"default","ast-global-header-display":"","ast-banner-title-visibility":"","ast-main-header-display":"","ast-hfb-above-header-display":"","ast-hfb-below-header-display":"","ast-hfb-mobile-header-display":"","site-post-title":"","ast-breadcrumbs-content":"","ast-featured-img":"","footer-sml-layout":"","theme-transparent-header-meta":"","adv-header-id-meta":"","stick-header-meta":"","header-above-stick-meta":"","header-main-stick-meta":"","header-below-stick-meta":""},"categories":[782,769],"tags":[],"acf":[],"_links":{"self":[{"href":"https:\/\/www.cnbb.org.br\/cnbb-app\/wp\/v2\/posts\/21601"}],"collection":[{"href":"https:\/\/www.cnbb.org.br\/cnbb-app\/wp\/v2\/posts"}],"about":[{"href":"https:\/\/www.cnbb.org.br\/cnbb-app\/wp\/v2\/types\/post"}],"author":[{"embeddable":true,"href":"https:\/\/www.cnbb.org.br\/cnbb-app\/wp\/v2\/users\/83"}],"replies":[{"embeddable":true,"href":"https:\/\/www.cnbb.org.br\/cnbb-app\/wp\/v2\/comments?post=21601"}],"version-history":[{"count":0,"href":"https:\/\/www.cnbb.org.br\/cnbb-app\/wp\/v2\/posts\/21601\/revisions"}],"wp:featuredmedia":[{"embeddable":true,"href":"https:\/\/www.cnbb.org.br\/cnbb-app\/wp\/v2\/media\/21602"}],"wp:attachment":[{"href":"https:\/\/www.cnbb.org.br\/cnbb-app\/wp\/v2\/media?parent=21601"}],"wp:term":[{"taxonomy":"category","embeddable":true,"href":"https:\/\/www.cnbb.org.br\/cnbb-app\/wp\/v2\/categories?post=21601"},{"taxonomy":"post_tag","embeddable":true,"href":"https:\/\/www.cnbb.org.br\/cnbb-app\/wp\/v2\/tags?post=21601"}],"curies":[{"name":"wp","href":"https:\/\/api.w.org\/{rel}","templated":true}]}}