{"id":21605,"date":"2015-06-23T00:00:00","date_gmt":"2015-06-23T03:00:00","guid":{"rendered":"https:\/\/www.cnbb.org.br\/encontro-avalia-caminhada-da-pastoral-da-aids-no-regional-centro-oeste\/"},"modified":"2015-06-23T00:00:00","modified_gmt":"2015-06-23T03:00:00","slug":"encontro-avalia-caminhada-da-pastoral-da-aids-no-regional-centro-oeste","status":"publish","type":"post","link":"https:\/\/www.cnbb.org.br\/encontro-avalia-caminhada-da-pastoral-da-aids-no-regional-centro-oeste\/","title":{"rendered":"Encontro avalia caminhada da Pastoral da Aids no regional Centro-Oeste"},"content":{"rendered":"<p style=\"text-align: justify\"><span style=\"font-size: 12.1599998474121px;line-height: 1.3em\">Representantes de seis dioceses do regional Centro-Oeste da Confer\u00eancia Nacional dos Bispos do Brasil (CNBB) reuniram-se, de 19 a 21 de junho, para avaliar a caminhada da Pastoral da Aids no regional e planejar novos trabalhos e formas de atua\u00e7\u00e3o, inclusive nas dioceses que ainda n\u00e3o contam com o servi\u00e7o.\u00a0<\/span>O Encontro da Pastoral da Aids foi realizado na Casa de Retiros das Irm\u00e3s Mission\u00e1rias de Jesus Crucificado, em Goi\u00e2nia (GO).<\/p>\n<p>  <!--more-->  <\/p>\n<p style=\"text-align: justify\"><span>Durante o encontro, o bispo de Goi\u00e1s e referencial da Pastoral da Aids no Brasil, dom Eug\u00eanio Rixen, fez uma reflex\u00e3o com os agentes sobre o papel dessa pastoral na Igreja. \u201cQue tipo de Igreja precisamos no mundo? Essa \u00e9 a reflex\u00e3o que fazemos hoje: Cristo nos apresentou o exemplo do bom samaritano e, como ele, n\u00f3s somos chamados a sair da indiferen\u00e7a, a olhar o outro que sofre, a fazer o papel da Igreja misericordiosa e podemos muito bem desenvolver esse importante servi\u00e7o ao pr\u00f3ximo com a Pastoral da Aids\u201d, insistiu.<\/span><\/p>\n<p style=\"text-align: justify\">Para a coordenadora regional da Pastoral, irm\u00e3 Margaret Hosty,o encontro, al\u00e9m de explicar os conceitos de Aids e do v\u00edrus HIV, \u00e9 tamb\u00e9m um momento de partilha e de orienta\u00e7\u00e3o sobre como atuar nas\u00a0<span>nas bases da Igreja para atingir sempre os objetivos propostos.<\/span><\/p>\n<p style=\"text-align: justify\"><span style=\"font-size: 12.1599998474121px;line-height: 1.3em\">No entanto, de acordo com irm\u00e3 Margarete, o preconceito ainda \u00e9 um desafio a ser vencido para que a pastoral atinja mais pessoas. \u201cH\u00e1 muitos estigmas que atrapalham o nosso trabalho; j\u00e1 ouvimos at\u00e9 que em algumas dioceses n\u00e3o existe o v\u00edrus HIV, mas que sabemos que se trata de um mito e puro preconceito; outras pessoas perguntam se quem trabalha na pastoral tem Aids. Contudo, h\u00e1 tamb\u00e9m dioceses dispostas a atuar nesse importante servi\u00e7o\u201d, relata.<\/span><\/p>\n<p style=\"text-align: justify\"><strong>Conquista<\/strong><\/p>\n<p style=\"text-align: justify\">Apesar dos desafios, a parceria entre a CNBB e o Minist\u00e9rio da Sa\u00fade no trabalho de preven\u00e7\u00e3o \u00e0 Aids \u00e9 um dos pontos a se comemorar, segundo a coordenadora. \u201cO servi\u00e7o de diagn\u00f3stico precoce da Aids, desenvolvido pela parceria governo\/Igreja, \u00e9 in\u00e9dito no mundo e muito importante para promover e proteger a vida. Sabemos que a Aids n\u00e3o tem cura, mas podemos eliminar a doen\u00e7a por meio da preven\u00e7\u00e3o\u201d, ressalta.<\/p>\n<p style=\"text-align: justify\">A Pastoral da Aids tem tr\u00eas frentes de atua\u00e7\u00e3o. S\u00e3o elas: a preven\u00e7\u00e3o por meio da informa\u00e7\u00e3o, com incentivo para a realiza\u00e7\u00e3o do teste precoce; o desenvolvimento de trabalhos solid\u00e1rios aos soropositivas; e a cobran\u00e7a por pol\u00edticas p\u00fablicas \u00a0junto ao governo.<\/p>\n<p style=\"text-align: justify\">\u00a0<\/p>\n<h5>Com informa\u00e7\u00f5es e imagem do regional Centro-Oeste<\/h5>\n<p>\u00a0<\/p>\n","protected":false},"excerpt":{"rendered":"<p>Representantes de seis dioceses do regional Centro-Oeste da Confer\u00eancia Nacional dos Bispos do Brasil (CNBB) reuniram-se, de 19 a 21 de junho, para avaliar a caminhada da Pastoral da Aids no regional e planejar novos trabalhos e formas de atua\u00e7\u00e3o, inclusive nas dioceses que ainda n\u00e3o contam com o servi\u00e7o.\u00a0O Encontro da Pastoral da Aids &hellip;<\/p>\n<p class=\"read-more\"> <a class=\"\" href=\"https:\/\/www.cnbb.org.br\/encontro-avalia-caminhada-da-pastoral-da-aids-no-regional-centro-oeste\/\"> <span class=\"screen-reader-text\">Encontro avalia caminhada da Pastoral da Aids no regional Centro-Oeste<\/span> Leia mais &raquo;<\/a><\/p>\n","protected":false},"author":83,"featured_media":21606,"comment_status":"open","ping_status":"open","sticky":false,"template":"","format":"standard","meta":{"site-sidebar-layout":"default","site-content-layout":"default","ast-global-header-display":"","ast-banner-title-visibility":"","ast-main-header-display":"","ast-hfb-above-header-display":"","ast-hfb-below-header-display":"","ast-hfb-mobile-header-display":"","site-post-title":"","ast-breadcrumbs-content":"","ast-featured-img":"","footer-sml-layout":"","theme-transparent-header-meta":"","adv-header-id-meta":"","stick-header-meta":"","header-above-stick-meta":"","header-main-stick-meta":"","header-below-stick-meta":""},"categories":[782,769],"tags":[],"acf":[],"_links":{"self":[{"href":"https:\/\/www.cnbb.org.br\/cnbb-app\/wp\/v2\/posts\/21605"}],"collection":[{"href":"https:\/\/www.cnbb.org.br\/cnbb-app\/wp\/v2\/posts"}],"about":[{"href":"https:\/\/www.cnbb.org.br\/cnbb-app\/wp\/v2\/types\/post"}],"author":[{"embeddable":true,"href":"https:\/\/www.cnbb.org.br\/cnbb-app\/wp\/v2\/users\/83"}],"replies":[{"embeddable":true,"href":"https:\/\/www.cnbb.org.br\/cnbb-app\/wp\/v2\/comments?post=21605"}],"version-history":[{"count":0,"href":"https:\/\/www.cnbb.org.br\/cnbb-app\/wp\/v2\/posts\/21605\/revisions"}],"wp:featuredmedia":[{"embeddable":true,"href":"https:\/\/www.cnbb.org.br\/cnbb-app\/wp\/v2\/media\/21606"}],"wp:attachment":[{"href":"https:\/\/www.cnbb.org.br\/cnbb-app\/wp\/v2\/media?parent=21605"}],"wp:term":[{"taxonomy":"category","embeddable":true,"href":"https:\/\/www.cnbb.org.br\/cnbb-app\/wp\/v2\/categories?post=21605"},{"taxonomy":"post_tag","embeddable":true,"href":"https:\/\/www.cnbb.org.br\/cnbb-app\/wp\/v2\/tags?post=21605"}],"curies":[{"name":"wp","href":"https:\/\/api.w.org\/{rel}","templated":true}]}}