{"id":21609,"date":"2015-07-07T00:00:00","date_gmt":"2015-07-07T03:00:00","guid":{"rendered":"https:\/\/www.cnbb.org.br\/catequistas-do-centro-oeste-farao-romaria-a-trindade\/"},"modified":"2015-07-07T00:00:00","modified_gmt":"2015-07-07T03:00:00","slug":"catequistas-do-centro-oeste-farao-romaria-a-trindade","status":"publish","type":"post","link":"https:\/\/www.cnbb.org.br\/catequistas-do-centro-oeste-farao-romaria-a-trindade\/","title":{"rendered":"Catequistas do Centro-Oeste far\u00e3o romaria \u00e0 Trindade"},"content":{"rendered":"<p style=\"text-align: justify\">\n<p style=\"text-align: justify\"><span style=\"font-size: 12.1599998474121px;line-height: 1.3em\">Catequistas do regional Centro-Oeste da\u00a0Confer\u00eancia Nacional dos Bispos do Brasil (CNBB) participar\u00e3o, no dia 16 de agosto, de romaria \u00e0 Casa do Divino Pai Eterno, em Trindade (GO). O evento ter\u00e1 como tema &#8220;50 anos da <em>Dei Verbum<\/em>&#8221; e lema &#8220;Para que eu possa ouvir como disc\u00edpulo&#8221;.\u00a0<\/span><\/p>\n<p><!--more--><\/p>\n<p style=\"text-align: justify\">De acordo com o bispo da diocese de Goi\u00e1s (GO) e referencial para a Anima\u00e7\u00e3o B\u00edblico-Catequ\u00e9tica no regional, dom Eug\u00eanio Rixen,\u00a0os catequistas de Goi\u00e1s e do Distrito Federal, estados que formam o regional Centro-Oeste, ir\u00e3o pedir juntos as b\u00ean\u00e7\u00e3os do Divino Pai Eterno para a miss\u00e3o. \u201c\u00c9 um momento de pedir as b\u00ean\u00e7\u00e3os para que, enquanto catequistas, possamos levar adiante o Evangelho\u201d, disse o bispo.<\/p>\n<p style=\"text-align: justify\"><span style=\"font-size: 12.1599998474121px;line-height: 1.3em\">O bispo ressalta que o lema da romaria orienta que \u201cantes de anunciar a palavra, \u00e9 preciso ser ouvinte dela\u201d. Sobre os 50 anos da Constitui\u00e7\u00e3o Dogm\u00e1tica\u00a0<\/span><em style=\"font-size: 12.1599998474121px;line-height: 1.3em\">Dei Verbum<\/em><span style=\"font-size: 12.1599998474121px;line-height: 1.3em\">, do papa Paulo VI sobre a revela\u00e7\u00e3o divina, o bispo afirma que \u00e9 indispens\u00e1vel aos catequistas entender como Deus se revela \u00e0 humanidade e, por isso, \u00e9 preciso ter em vista que a Sagrada Escritura \u00e9 o principal livro de inicia\u00e7\u00e3o \u00e0 vida crist\u00e3, pois por meio dela Deus se comunica com os homens.<\/span><\/p>\n<p style=\"text-align: justify\">A respeito do cartaz do evento, \u00a0dom Eug\u00eanio explica que a imagem mostra que &#8220;a Palavra de Deus \u00e9 para todos os povos que caminham unidos com Jesus&#8221;. Segundo o bispo, &#8220;o trigo lembra a Eucaristia, em que a Sagrada Escritura \u00e9 lida e celebrada; a folha da videira indica a vida e o conjunto expressa a alegria que Boa Nova de Jesus vem trazer\u201d.<\/p>\n<p style=\"text-align: justify\"><span style=\"font-size: 0.83em;line-height: 1.3em\">Com informa\u00e7\u00f5es do regional Centro-Oeste<\/span><\/p>\n<p>&nbsp;<\/p>\n<p>&nbsp;<\/p>\n<p>&nbsp;<\/p>\n","protected":false},"excerpt":{"rendered":"<p>Catequistas do regional Centro-Oeste da\u00a0Confer\u00eancia Nacional dos Bispos do Brasil (CNBB) participar\u00e3o, no dia 16 de agosto, de romaria \u00e0 Casa do Divino Pai Eterno, em Trindade (GO). O evento ter\u00e1 como tema &#8220;50 anos da Dei Verbum&#8221; e lema &#8220;Para que eu possa ouvir como disc\u00edpulo&#8221;.\u00a0<\/p>\n","protected":false},"author":83,"featured_media":21610,"comment_status":"open","ping_status":"open","sticky":false,"template":"","format":"standard","meta":{"site-sidebar-layout":"default","site-content-layout":"default","ast-global-header-display":"","ast-banner-title-visibility":"","ast-main-header-display":"","ast-hfb-above-header-display":"","ast-hfb-below-header-display":"","ast-hfb-mobile-header-display":"","site-post-title":"","ast-breadcrumbs-content":"","ast-featured-img":"","footer-sml-layout":"","theme-transparent-header-meta":"","adv-header-id-meta":"","stick-header-meta":"","header-above-stick-meta":"","header-main-stick-meta":"","header-below-stick-meta":""},"categories":[782,769],"tags":[],"acf":[],"_links":{"self":[{"href":"https:\/\/www.cnbb.org.br\/cnbb-app\/wp\/v2\/posts\/21609"}],"collection":[{"href":"https:\/\/www.cnbb.org.br\/cnbb-app\/wp\/v2\/posts"}],"about":[{"href":"https:\/\/www.cnbb.org.br\/cnbb-app\/wp\/v2\/types\/post"}],"author":[{"embeddable":true,"href":"https:\/\/www.cnbb.org.br\/cnbb-app\/wp\/v2\/users\/83"}],"replies":[{"embeddable":true,"href":"https:\/\/www.cnbb.org.br\/cnbb-app\/wp\/v2\/comments?post=21609"}],"version-history":[{"count":0,"href":"https:\/\/www.cnbb.org.br\/cnbb-app\/wp\/v2\/posts\/21609\/revisions"}],"wp:featuredmedia":[{"embeddable":true,"href":"https:\/\/www.cnbb.org.br\/cnbb-app\/wp\/v2\/media\/21610"}],"wp:attachment":[{"href":"https:\/\/www.cnbb.org.br\/cnbb-app\/wp\/v2\/media?parent=21609"}],"wp:term":[{"taxonomy":"category","embeddable":true,"href":"https:\/\/www.cnbb.org.br\/cnbb-app\/wp\/v2\/categories?post=21609"},{"taxonomy":"post_tag","embeddable":true,"href":"https:\/\/www.cnbb.org.br\/cnbb-app\/wp\/v2\/tags?post=21609"}],"curies":[{"name":"wp","href":"https:\/\/api.w.org\/{rel}","templated":true}]}}