{"id":21648,"date":"2016-08-30T00:00:00","date_gmt":"2016-08-30T03:00:00","guid":{"rendered":"https:\/\/www.cnbb.org.br\/35-encontro-regional-de-presbiteros-reflete-sobre-a-historia-da-igreja-em-goias\/"},"modified":"2016-08-30T00:00:00","modified_gmt":"2016-08-30T03:00:00","slug":"35-encontro-regional-de-presbiteros-reflete-sobre-a-historia-da-igreja-em-goias","status":"publish","type":"post","link":"https:\/\/www.cnbb.org.br\/35-encontro-regional-de-presbiteros-reflete-sobre-a-historia-da-igreja-em-goias\/","title":{"rendered":"35\u00ba Encontro Regional de Presb\u00edteros reflete sobre a hist\u00f3ria da Igreja em Goi\u00e1s"},"content":{"rendered":"<p style=\"text-align: justify\">Evento foi organizado pela Comiss\u00e3o Regional de Presb\u00edteros do Centro-Oeste<\/p>\n<p>  <!--more-->  <\/p>\n<p style=\"text-align: justify\">Com o tema \u201cPresb\u00edteros em miss\u00e3o: mem\u00f3ria no Centro-Oeste\u201d e o lema \u201cNo cora\u00e7\u00e3o da Igreja serei o amor\u201d, a diocese de Goi\u00e1s sediou nos dias 22 a 25 de agosto, na cidade de Goi\u00e1s, o 35\u00ba Encontro Regional de Presb\u00edteros (ERP). O evento foi organizado pela Comiss\u00e3o Regional de Presb\u00edteros do Centro-Oeste (CRP) e reuniu cerca de 71 padres das 13 dioceses do regional.<\/p>\n<p style=\"text-align: justify\">Durante o encontro foi feito um resgate hist\u00f3rico dos 270 anos da presen\u00e7a dos padres na Igreja do Centro-Oeste, a partir de dados, fotografias, textos e testemunhos. O coordenador da Comiss\u00e3o Regional de Presb\u00edteros do Centro-Oeste, padre Mauro Francisco dos Santos, destacou que as abordagens s\u00e3o fundamentais para os presb\u00edteros de hoje poderem continuar entusiasmados no compromisso de evangelizar. \u201cN\u00e3o estudamos a hist\u00f3ria da Igreja em Goi\u00e1s apenas para recordar, mas para ler a realidade atual como fruto de um processo, de uma tradi\u00e7\u00e3o e um caminho percorrido por tantos padres e hoje temos o compromisso de continuar\u201d, disse.<\/p>\n<p style=\"text-align: justify\">Para o padre Francisco Soares, da diocese de An\u00e1polis, ap\u00f3s conhecer um pouco mais as dificuldades enfrentadas pelos padres que doaram suas vidas pela Igreja em Goi\u00e1s, fica como testemunho a coragem, a perseveran\u00e7a e o empenho evangelizador. \u201cApesar de tudo ter sido mais dif\u00edcil em uma \u00e9poca em que havia escassa comunica\u00e7\u00e3o e meios de transporte, nos motiva a perseveran\u00e7a no minist\u00e9rio e a fidelidade desses sacerdotes \u00e0 Igreja\u201d, sublinhou.<\/p>\n<p style=\"text-align: justify\">Sobre o Encontro Regional de Presb\u00edteros, o padre Celismar Moreira de Oliveira, da diocese de Goi\u00e1s, destacou\u00a0que o mesmo possibilitou\u00a0a renova\u00e7\u00e3o da f\u00e9 e esperan\u00e7a. Ele v\u00ea o evento como um momento de troca de experi\u00eancias e de ajuda m\u00fatua. \u201cN\u00e3o somos uma ilha e nas comunidades n\u00f3s pregamos a fraternidade, portanto, aqui n\u00f3s podemos viver isso e compartilhar alegrias, tristezas e sofrimentos\u201d. Com rela\u00e7\u00e3o ao tema deste ano, ele disse tamb\u00e9m ser importante porque \u201cconhecer o passado \u00e9 indispens\u00e1vel para viver o presente e preparar a Igreja do futuro\u201d.<\/p>\n<p style=\"text-align: justify\">Do encontro, o padre M\u00e1rcio Celestino da Silva, da arquidiocese de Goi\u00e2nia, leva a beleza da hist\u00f3ria da Igreja no estado de Goi\u00e1s, como elemento fundamental para a espiritualidade presbiteral. Ele tamb\u00e9m mencionou que a frase: \u2018um padre melhor torna a comunidade tamb\u00e9m melhor\u2019, proferida durante o encontro, o impressionou bastante. \u201cDe fato, isso \u00e9 verdade e eu refleti bastante a respeito. A conviv\u00eancia com os padres de v\u00e1rias dioceses tamb\u00e9m nos ajuda muito a caminharmos unidos\u201d,\u00a0ressaltou.<\/p>\n<p style=\"text-align: justify\">A missa de encerramento do encontro foi presidida pelo arcebispo de Goi\u00e2nia, dom Washington Cruz, na Catedral de Santana. Em sua homilia, ele convidou os padres a terem uma atitude de vigil\u00e2ncia pelo encontro com o Senhor na ora\u00e7\u00e3o, nos\u00a0sacramentos e com as pessoas nas comunidades. \u201cTrabalhar todos os dias para o \u00eaxito final \u00e9 atitude de s\u00e1bio. Estar atento n\u00e3o significa viver com temor, menos ainda com ang\u00fastia, mas com seriedade. Porque todos queremos ouvir, no final, as palavras de Jesus: \u2018Muito bem servo bom e fiel, entra no gozo de teu Senhor\u2019\u201d.<\/p>\n<p style=\"text-align: justify\">Ap\u00f3s a missa houve uma prociss\u00e3o dentro da Catedral de Santana com as rel\u00edquias de dom Prud\u00eancio, bispo diocesano de Goi\u00e1s de 1908 a 1921. \u201cEle foi um bispo muito querido em nossa diocese e faleceu a mais de 600 km da cidade de Goi\u00e1s, no munic\u00edpio de Posse, no norte do estado. Com a permiss\u00e3o do bispo de Formosa (GO), dom Jos\u00e9 Ronaldo, n\u00f3s trouxemos os restos mortais que foram sepultados definitivamente na Catedral\u201d, explicou o bispo da diocese de Goi\u00e1s, dom Eug\u00eanio Rixen. Est\u00e3o ainda sepultados na Catedral os restos mortais de dom Francisco, dom Domingos, dom Abel e dom Tom\u00e1s Baldu\u00edno.<\/p>\n<p style=\"text-align: justify\">O 36\u00ba Encontro Regional de Presb\u00edteros vai a acontecer na diocese de Luzi\u00e2nia, nos dias 29 a 31 de agosto de 2017.<\/p>\n<h4 style=\"text-align: justify\">Com informa\u00e7\u00f5es e foto do regional Centro-Oeste<\/h4>\n<p style=\"font-size: 12.16px;line-height: 15.808px\">\u00a0<\/p>\n<p>\u00a0<\/p>\n","protected":false},"excerpt":{"rendered":"<p>Evento foi organizado pela Comiss\u00e3o Regional de Presb\u00edteros do Centro-Oeste<\/p>\n","protected":false},"author":83,"featured_media":21649,"comment_status":"open","ping_status":"open","sticky":false,"template":"","format":"standard","meta":{"site-sidebar-layout":"default","site-content-layout":"default","ast-global-header-display":"","ast-banner-title-visibility":"","ast-main-header-display":"","ast-hfb-above-header-display":"","ast-hfb-below-header-display":"","ast-hfb-mobile-header-display":"","site-post-title":"","ast-breadcrumbs-content":"","ast-featured-img":"","footer-sml-layout":"","theme-transparent-header-meta":"","adv-header-id-meta":"","stick-header-meta":"","header-above-stick-meta":"","header-main-stick-meta":"","header-below-stick-meta":""},"categories":[782,769],"tags":[],"acf":[],"_links":{"self":[{"href":"https:\/\/www.cnbb.org.br\/cnbb-app\/wp\/v2\/posts\/21648"}],"collection":[{"href":"https:\/\/www.cnbb.org.br\/cnbb-app\/wp\/v2\/posts"}],"about":[{"href":"https:\/\/www.cnbb.org.br\/cnbb-app\/wp\/v2\/types\/post"}],"author":[{"embeddable":true,"href":"https:\/\/www.cnbb.org.br\/cnbb-app\/wp\/v2\/users\/83"}],"replies":[{"embeddable":true,"href":"https:\/\/www.cnbb.org.br\/cnbb-app\/wp\/v2\/comments?post=21648"}],"version-history":[{"count":0,"href":"https:\/\/www.cnbb.org.br\/cnbb-app\/wp\/v2\/posts\/21648\/revisions"}],"wp:featuredmedia":[{"embeddable":true,"href":"https:\/\/www.cnbb.org.br\/cnbb-app\/wp\/v2\/media\/21649"}],"wp:attachment":[{"href":"https:\/\/www.cnbb.org.br\/cnbb-app\/wp\/v2\/media?parent=21648"}],"wp:term":[{"taxonomy":"category","embeddable":true,"href":"https:\/\/www.cnbb.org.br\/cnbb-app\/wp\/v2\/categories?post=21648"},{"taxonomy":"post_tag","embeddable":true,"href":"https:\/\/www.cnbb.org.br\/cnbb-app\/wp\/v2\/tags?post=21648"}],"curies":[{"name":"wp","href":"https:\/\/api.w.org\/{rel}","templated":true}]}}