{"id":21672,"date":"2010-03-02T00:00:00","date_gmt":"2010-03-02T03:00:00","guid":{"rendered":"https:\/\/www.cnbb.org.br\/arcebispo-do-rio-de-janeiro-participa-de-comemoracoes-pelos-445-anos-da-cidade\/"},"modified":"2010-03-02T00:00:00","modified_gmt":"2010-03-02T03:00:00","slug":"arcebispo-do-rio-de-janeiro-participa-de-comemoracoes-pelos-445-anos-da-cidade","status":"publish","type":"post","link":"https:\/\/www.cnbb.org.br\/arcebispo-do-rio-de-janeiro-participa-de-comemoracoes-pelos-445-anos-da-cidade\/","title":{"rendered":"Arcebispo do Rio de Janeiro participa de comemora\u00e7\u00f5es pelos 445 anos da cidade"},"content":{"rendered":"<p style=\"text-align: justify\">A chuva que caiu ontem, 01, n\u00e3o atrapalhou as comemora\u00e7\u00f5es pelo anivers\u00e1rio de 445 anos do Rio de Janeiro. A tradicional festa da Rua da Carioca foi realizada e, pela primeira vez em 20 anos, o evento contou com a participa\u00e7\u00e3o da arquidiocese. O arcebispo do Rio, dom Orani Tempesta, levou a imagem de S\u00e3o Sebasti\u00e3o, padroeiro da cidade, e aben\u00e7oou a popula\u00e7\u00e3o.<\/p>\n<p><!--more--><\/p>\n<p style=\"text-align: justify\">\u201cNada mais justo que unir a Igreja a esta festa popular. N\u00e3o podemos esquecer que todos n\u00f3s somos respons\u00e1veis pelo Rio, que poderia receber de presente um esp\u00edrito de paz, de fraternidade. Este tem que ser um compromisso, para que o belo fique ainda melhor\u201d, disse dom Orani.<\/p>\n<p style=\"text-align: justify\">De acordo com Roberto Cury, presidente da Sociedade dos Amigos da Rua da Carioca (Sarca), foram distribu\u00eddo cerca de cinco mil peda\u00e7os do bolo, que era decorado com imagens da cidade, da arquidiocese e s\u00edmbolos da Copa 2014 e das Olimp\u00edadas de 2016.<\/p>\n<p style=\"text-align: justify\">Como todos os anos, a Sarca homenageou ilustres moradores da cidade, e entre eles esteve o arcebispo da cidade, dom Orani Jo\u00e3o Tempesta.<\/p>\n<p style=\"text-align: justify\">O arcebispo, que rezou um pai-nosso pela cidade, pediu um minuto de sil\u00eancio pelas v\u00edtimas do terremoto no Chile: \u201cAben\u00e7oo as pessoas do Chile, do Haiti e todas que passam por estes momentos dif\u00edceis. Que encontrem conforto\u201d.<\/p>\n","protected":false},"excerpt":{"rendered":"<p>A chuva que caiu ontem, 01, n\u00e3o atrapalhou as comemora\u00e7\u00f5es pelo anivers\u00e1rio de 445 anos do Rio de Janeiro. A tradicional festa da Rua da Carioca foi realizada e, pela primeira vez em 20 anos, o evento contou com a participa\u00e7\u00e3o da arquidiocese. O arcebispo do Rio, dom Orani Tempesta, levou a imagem de S\u00e3o &hellip;<\/p>\n<p class=\"read-more\"> <a class=\"\" href=\"https:\/\/www.cnbb.org.br\/arcebispo-do-rio-de-janeiro-participa-de-comemoracoes-pelos-445-anos-da-cidade\/\"> <span class=\"screen-reader-text\">Arcebispo do Rio de Janeiro participa de comemora\u00e7\u00f5es pelos 445 anos da cidade<\/span> Leia mais &raquo;<\/a><\/p>\n","protected":false},"author":83,"featured_media":21673,"comment_status":"open","ping_status":"open","sticky":false,"template":"","format":"standard","meta":{"site-sidebar-layout":"default","site-content-layout":"default","ast-global-header-display":"","ast-banner-title-visibility":"","ast-main-header-display":"","ast-hfb-above-header-display":"","ast-hfb-below-header-display":"","ast-hfb-mobile-header-display":"","site-post-title":"","ast-breadcrumbs-content":"","ast-featured-img":"","footer-sml-layout":"","theme-transparent-header-meta":"","adv-header-id-meta":"","stick-header-meta":"","header-above-stick-meta":"","header-main-stick-meta":"","header-below-stick-meta":""},"categories":[787,769],"tags":[],"acf":[],"_links":{"self":[{"href":"https:\/\/www.cnbb.org.br\/cnbb-app\/wp\/v2\/posts\/21672"}],"collection":[{"href":"https:\/\/www.cnbb.org.br\/cnbb-app\/wp\/v2\/posts"}],"about":[{"href":"https:\/\/www.cnbb.org.br\/cnbb-app\/wp\/v2\/types\/post"}],"author":[{"embeddable":true,"href":"https:\/\/www.cnbb.org.br\/cnbb-app\/wp\/v2\/users\/83"}],"replies":[{"embeddable":true,"href":"https:\/\/www.cnbb.org.br\/cnbb-app\/wp\/v2\/comments?post=21672"}],"version-history":[{"count":0,"href":"https:\/\/www.cnbb.org.br\/cnbb-app\/wp\/v2\/posts\/21672\/revisions"}],"wp:featuredmedia":[{"embeddable":true,"href":"https:\/\/www.cnbb.org.br\/cnbb-app\/wp\/v2\/media\/21673"}],"wp:attachment":[{"href":"https:\/\/www.cnbb.org.br\/cnbb-app\/wp\/v2\/media?parent=21672"}],"wp:term":[{"taxonomy":"category","embeddable":true,"href":"https:\/\/www.cnbb.org.br\/cnbb-app\/wp\/v2\/categories?post=21672"},{"taxonomy":"post_tag","embeddable":true,"href":"https:\/\/www.cnbb.org.br\/cnbb-app\/wp\/v2\/tags?post=21672"}],"curies":[{"name":"wp","href":"https:\/\/api.w.org\/{rel}","templated":true}]}}