{"id":21699,"date":"2010-07-03T00:00:00","date_gmt":"2010-07-03T03:00:00","guid":{"rendered":"https:\/\/www.cnbb.org.br\/dom-orani-da-posse-ao-novo-reitor-da-puc-rio\/"},"modified":"2010-07-03T00:00:00","modified_gmt":"2010-07-03T03:00:00","slug":"dom-orani-da-posse-ao-novo-reitor-da-puc-rio","status":"publish","type":"post","link":"https:\/\/www.cnbb.org.br\/dom-orani-da-posse-ao-novo-reitor-da-puc-rio\/","title":{"rendered":"Dom Orani d\u00e1 posse ao novo reitor da PUC-Rio"},"content":{"rendered":"<\/p>\n<p style=\"text-align: justify\">O padre jesu\u00edta Josaf\u00e1 Carlos de Siqueira, 58, \u00e9 o novo reitor da Pontif\u00edcia Universidade Cat\u00f3lica do Rio de Janeiro (PUC-Rio). Com mais de 13 mil alunos sob seus cuidados, em 26 cursos, sua gest\u00e3o inicia com a implanta\u00e7\u00e3o, a partir do ano letivo de 2011, de um novo curso de gradua\u00e7\u00e3o em biologia.<\/p>\n<p>  <!--more-->  <\/p>\n<p style=\"text-align: justify\"><img decoding=\"async\" loading=\"lazy\" class=\" alignright size-full wp-image-5272\" style=\"float: right\" alt=\"PUC-RJ2\" src=\"https:\/\/www.cnbb.org.br\/wp-content\/uploads\/2020\/03\/PUC-RJ2.jpg\" width=\"300\" height=\"197\" \/>Na quinta-feira, 1\u00ba, na sala da Reitoria, o novo reitor fez a sua profiss\u00e3o de f\u00e9 e a leitura dos artigos do estatuto social referente aos seus deveres na presen\u00e7a do Gr\u00e3o-Chanceler da PUC, dom Orani Jo\u00e3o Tempesta, arcebispo do Rio de Janeiro. O ato faz parte da disciplina can\u00f4nica da Igreja, com f\u00f3rmula aprovada pela S\u00e9 Apost\u00f3lica.<\/p>\n<p>J\u00e1 a cerim\u00f4nia de posse ocorreu \u00e0s 16h no gin\u00e1sio do Campus G\u00e1vea, com a presen\u00e7a de 300 pessoas. Padre Josaf\u00e1 sucede a padre Jesus Hortal S\u00e1nchez, que recebeu os agradecimentos do arcebispo do Rio por ter transformado a PUC-Rio \u201cnuma institui\u00e7\u00e3o referencial do pa\u00eds no campo da p\u00f3s-gradua\u00e7\u00e3o e da pesquisa\u201d. Padre Hortal ficou \u00e0 frente da PUC durante 15 anos.<\/p>\n<p>\u201c\u00c9 uma grande responsabilidade que o novo reitor tem pela frente. Mas ele n\u00e3o est\u00e1 sozinho, tem o aux\u00edlio do Esp\u00edrito Santo e de seus colaboradores, que devem compartilhar as preocupa\u00e7\u00f5es do cotidiano em oferecer um ensino onde prevale\u00e7am os valores humanos e crist\u00e3os, imprescind\u00edvel num mundo em constante transforma\u00e7\u00e3o\u201d, afirmou dom Orani<\/p>\n<p>Padre Josaf\u00e1 ressaltou o grau de perten\u00e7a que alunos, professores e funcion\u00e1rios t\u00eam pela PUC-Rio, criada h\u00e1 70 anos.<br \/>\u201cUm sentimento forte de pertencimento, constituindo uma riqueza admir\u00e1vel que marca a vida de cada um, e que diferencia a nossa Universidade de outras institui\u00e7\u00f5es de ensino superior no Brasil\u201d, disse o novo reitor, afirmou.<\/p>\n<p>Fundada em 1941 por dom Sebasti\u00e3o Leme e pelo padre Leonel Franca, a Universidade recebeu, em 1947, o t\u00edtulo de Pontif\u00edcia pelo Papa Pio XII. Seu novo reitor \u00e9 goiano de Piren\u00f3polis. \u00c9 formado em Hist\u00f3ria Natural e doutor em Biologia Vegetal pela Universidade Estadual de Campinas. H\u00e1 24 anos ingressou no Departamento de Geografia da PUC-Rio, atuando como professor e pesquisador em biogeografia e \u00e9tica ambiental. Desde 2004 ocupa a vice-reitoria.<\/p>\n<p><span style=\"font-size: 8pt\"><strong><em>Colaborou: Carlos Moioli<\/em><\/strong><\/span><\/p>\n","protected":false},"excerpt":{"rendered":"<p>O padre jesu\u00edta Josaf\u00e1 Carlos de Siqueira, 58, \u00e9 o novo reitor da Pontif\u00edcia Universidade Cat\u00f3lica do Rio de Janeiro (PUC-Rio). Com mais de 13 mil alunos sob seus cuidados, em 26 cursos, sua gest\u00e3o inicia com a implanta\u00e7\u00e3o, a partir do ano letivo de 2011, de um novo curso de gradua\u00e7\u00e3o em biologia.<\/p>\n","protected":false},"author":83,"featured_media":21700,"comment_status":"open","ping_status":"open","sticky":false,"template":"","format":"standard","meta":{"site-sidebar-layout":"default","site-content-layout":"default","ast-global-header-display":"","ast-banner-title-visibility":"","ast-main-header-display":"","ast-hfb-above-header-display":"","ast-hfb-below-header-display":"","ast-hfb-mobile-header-display":"","site-post-title":"","ast-breadcrumbs-content":"","ast-featured-img":"","footer-sml-layout":"","theme-transparent-header-meta":"","adv-header-id-meta":"","stick-header-meta":"","header-above-stick-meta":"","header-main-stick-meta":"","header-below-stick-meta":""},"categories":[1],"tags":[],"acf":[],"_links":{"self":[{"href":"https:\/\/www.cnbb.org.br\/cnbb-app\/wp\/v2\/posts\/21699"}],"collection":[{"href":"https:\/\/www.cnbb.org.br\/cnbb-app\/wp\/v2\/posts"}],"about":[{"href":"https:\/\/www.cnbb.org.br\/cnbb-app\/wp\/v2\/types\/post"}],"author":[{"embeddable":true,"href":"https:\/\/www.cnbb.org.br\/cnbb-app\/wp\/v2\/users\/83"}],"replies":[{"embeddable":true,"href":"https:\/\/www.cnbb.org.br\/cnbb-app\/wp\/v2\/comments?post=21699"}],"version-history":[{"count":0,"href":"https:\/\/www.cnbb.org.br\/cnbb-app\/wp\/v2\/posts\/21699\/revisions"}],"wp:featuredmedia":[{"embeddable":true,"href":"https:\/\/www.cnbb.org.br\/cnbb-app\/wp\/v2\/media\/21700"}],"wp:attachment":[{"href":"https:\/\/www.cnbb.org.br\/cnbb-app\/wp\/v2\/media?parent=21699"}],"wp:term":[{"taxonomy":"category","embeddable":true,"href":"https:\/\/www.cnbb.org.br\/cnbb-app\/wp\/v2\/categories?post=21699"},{"taxonomy":"post_tag","embeddable":true,"href":"https:\/\/www.cnbb.org.br\/cnbb-app\/wp\/v2\/tags?post=21699"}],"curies":[{"name":"wp","href":"https:\/\/api.w.org\/{rel}","templated":true}]}}