{"id":21717,"date":"2010-09-24T00:00:00","date_gmt":"2010-09-24T03:00:00","guid":{"rendered":"https:\/\/www.cnbb.org.br\/congregacao-para-a-causa-dos-santos-pede-mais-devocao-ao-beato-jose-de-anchieta\/"},"modified":"2010-09-24T00:00:00","modified_gmt":"2010-09-24T03:00:00","slug":"congregacao-para-a-causa-dos-santos-pede-mais-devocao-ao-beato-jose-de-anchieta","status":"publish","type":"post","link":"https:\/\/www.cnbb.org.br\/congregacao-para-a-causa-dos-santos-pede-mais-devocao-ao-beato-jose-de-anchieta\/","title":{"rendered":"Ad Limina: Regional Leste 1 visita Congrega\u00e7\u00e3o para a Causa dos Santos"},"content":{"rendered":"<p style=\"text-align: justify\">Recebidos pela Congrega\u00e7\u00e3o para a Causa dos Santos, na Santa S\u00e9, os bispos do Regional Leste 1 da CNBB (Rio de Janeiro) foram incetivados pelo prefeito da Congrega\u00e7\u00e3o, Dom Angelo Amato, a incentivarem no Brasil a devo\u00e7\u00e3o ao beato Jos\u00e9 de Anchieta. Durante o encontro os bispos ouviram as explica\u00e7\u00f5es a respeito dos processos de beatifica\u00e7\u00e3o da Madre Maria Jos\u00e9, Carmelita Descal\u00e7a, bem como do processo de canoniza\u00e7\u00e3o de Jos\u00e9 de Anchieta, Ap\u00f3stolo do Brasil. A cada um dos bispos foi entregue dois livros: \u201cNovae leges pro causis sanctorum\u201d promulgado em 1983, bem como a Instru\u00e7\u00e3o \u201cSanctorum Mater\u201d.\u00a0 Dom Angelo lembrou com entusiasmo da piedade do povo brasileiro a Jos\u00e9 de Anchieta.<\/p>\n<p style=\"text-align: justify\">Os bispos do Regional Leste 1 est\u00e3o em Visita Ad Limina desde o dia 23. O encontro segue at\u00e9 o pr\u00f3ximo dia 27.<\/p>\n","protected":false},"excerpt":{"rendered":"<p>Recebidos pela Congrega\u00e7\u00e3o para a Causa dos Santos, na Santa S\u00e9, os bispos do Regional Leste 1 da CNBB (Rio de Janeiro) foram incetivados pelo prefeito da Congrega\u00e7\u00e3o, Dom Angelo Amato, a incentivarem no Brasil a devo\u00e7\u00e3o ao beato Jos\u00e9 de Anchieta. Durante o encontro os bispos ouviram as explica\u00e7\u00f5es a respeito dos processos de &hellip;<\/p>\n<p class=\"read-more\"> <a class=\"\" href=\"https:\/\/www.cnbb.org.br\/congregacao-para-a-causa-dos-santos-pede-mais-devocao-ao-beato-jose-de-anchieta\/\"> <span class=\"screen-reader-text\">Ad Limina: Regional Leste 1 visita Congrega\u00e7\u00e3o para a Causa dos Santos<\/span> Leia mais &raquo;<\/a><\/p>\n","protected":false},"author":83,"featured_media":21718,"comment_status":"open","ping_status":"open","sticky":false,"template":"","format":"standard","meta":{"site-sidebar-layout":"default","site-content-layout":"default","ast-global-header-display":"","ast-banner-title-visibility":"","ast-main-header-display":"","ast-hfb-above-header-display":"","ast-hfb-below-header-display":"","ast-hfb-mobile-header-display":"","site-post-title":"","ast-breadcrumbs-content":"","ast-featured-img":"","footer-sml-layout":"","theme-transparent-header-meta":"","adv-header-id-meta":"","stick-header-meta":"","header-above-stick-meta":"","header-main-stick-meta":"","header-below-stick-meta":""},"categories":[1],"tags":[],"acf":[],"_links":{"self":[{"href":"https:\/\/www.cnbb.org.br\/cnbb-app\/wp\/v2\/posts\/21717"}],"collection":[{"href":"https:\/\/www.cnbb.org.br\/cnbb-app\/wp\/v2\/posts"}],"about":[{"href":"https:\/\/www.cnbb.org.br\/cnbb-app\/wp\/v2\/types\/post"}],"author":[{"embeddable":true,"href":"https:\/\/www.cnbb.org.br\/cnbb-app\/wp\/v2\/users\/83"}],"replies":[{"embeddable":true,"href":"https:\/\/www.cnbb.org.br\/cnbb-app\/wp\/v2\/comments?post=21717"}],"version-history":[{"count":0,"href":"https:\/\/www.cnbb.org.br\/cnbb-app\/wp\/v2\/posts\/21717\/revisions"}],"wp:featuredmedia":[{"embeddable":true,"href":"https:\/\/www.cnbb.org.br\/cnbb-app\/wp\/v2\/media\/21718"}],"wp:attachment":[{"href":"https:\/\/www.cnbb.org.br\/cnbb-app\/wp\/v2\/media?parent=21717"}],"wp:term":[{"taxonomy":"category","embeddable":true,"href":"https:\/\/www.cnbb.org.br\/cnbb-app\/wp\/v2\/categories?post=21717"},{"taxonomy":"post_tag","embeddable":true,"href":"https:\/\/www.cnbb.org.br\/cnbb-app\/wp\/v2\/tags?post=21717"}],"curies":[{"name":"wp","href":"https:\/\/api.w.org\/{rel}","templated":true}]}}