{"id":21719,"date":"2010-09-25T00:00:00","date_gmt":"2010-09-25T03:00:00","guid":{"rendered":"https:\/\/www.cnbb.org.br\/bispos-do-leste-1-visitam-o-pontificio-conselho-para-os-textos-legislativos\/"},"modified":"2010-09-25T00:00:00","modified_gmt":"2010-09-25T03:00:00","slug":"bispos-do-leste-1-visitam-o-pontificio-conselho-para-os-textos-legislativos","status":"publish","type":"post","link":"https:\/\/www.cnbb.org.br\/bispos-do-leste-1-visitam-o-pontificio-conselho-para-os-textos-legislativos\/","title":{"rendered":"Bispos do Leste 1 visitam o Pontif\u00edcio Conselho para os Textos Legislativos"},"content":{"rendered":"<p style=\"text-align: justify\"><img decoding=\"async\" loading=\"lazy\" class=\" alignleft size-full wp-image-6615\" style=\"float: left\" src=\"https:\/\/www.cnbb.org.br\/wp-content\/uploads\/2020\/03\/Leste_1_AdLimina.jpg\" alt=\"Leste_1_AdLimina\" width=\"213\" height=\"160\" \/>Um grupo dos bispos Regional Leste 1 da CNBB (Rio de Janeiro) visitou nesta sexta-feira, 24, o Pontif\u00edcio Conselho para os Textos Legislativos. Os bispos do Regional est\u00e3o em visita Ad Limina desde o dia 23.<\/p>\n<p><!--more--><\/p>\n<p style=\"text-align: justify\">O presidente do Pontif\u00edcio Conselho, dom Francesco Coccopalmerio, pediu que houvesse nas dioceses e na Confer\u00eancia Episcopal especialistas em Direito Can\u00f4nico, para colaborarem com os bispos .<\/p>\n<p style=\"text-align: justify\">Dom Francesco falou, ainda, sobre quest\u00f5es como a par\u00f3quia e seus limites nos grandes centros urbanos; o relacionamento com os fi\u00e9is dos ritos orientais e o Ordinariato Militar.<\/p>\n<p style=\"text-align: justify\">Um dia antes, os bispos da Prov\u00edncia Eclesi\u00e1stica de Niter\u00f3i foram recebidos em audi\u00eancia pelo papa Bento XVI.<\/p>\n<p style=\"text-align: justify\">\u201cFoi um momento muito especial de gra\u00e7as. A impress\u00e3o de todos os bispos foi id\u00eantica: uma alegria imensa em ser abra\u00e7ados totalmente pelo sucessor de S\u00e3o Pedro. Ficaram todos tocados pela simplicidade do Santo Padre , pela sua cordialidade e pelo conhecimento da vida, dos desafios, dos problemas e das alegrias do nosso Estado do Rio de Janeiro\u201d, disse o secret\u00e1rio executivo do Regional, padre Marcos Beliz\u00e1rio Ferreira.<\/p>\n<p><span style=\"font-size: 8pt\"><strong><em>Colaborou: Pe. Marcos Beliz\u00e1rio<\/em><\/strong><\/span><\/p>\n","protected":false},"excerpt":{"rendered":"<p>Um grupo dos bispos Regional Leste 1 da CNBB (Rio de Janeiro) visitou nesta sexta-feira, 24, o Pontif\u00edcio Conselho para os Textos Legislativos. Os bispos do Regional est\u00e3o em visita Ad Limina desde o dia 23.<\/p>\n","protected":false},"author":83,"featured_media":21720,"comment_status":"open","ping_status":"open","sticky":false,"template":"","format":"standard","meta":{"site-sidebar-layout":"default","site-content-layout":"default","ast-global-header-display":"","ast-banner-title-visibility":"","ast-main-header-display":"","ast-hfb-above-header-display":"","ast-hfb-below-header-display":"","ast-hfb-mobile-header-display":"","site-post-title":"","ast-breadcrumbs-content":"","ast-featured-img":"","footer-sml-layout":"","theme-transparent-header-meta":"","adv-header-id-meta":"","stick-header-meta":"","header-above-stick-meta":"","header-main-stick-meta":"","header-below-stick-meta":""},"categories":[1],"tags":[],"acf":[],"_links":{"self":[{"href":"https:\/\/www.cnbb.org.br\/cnbb-app\/wp\/v2\/posts\/21719"}],"collection":[{"href":"https:\/\/www.cnbb.org.br\/cnbb-app\/wp\/v2\/posts"}],"about":[{"href":"https:\/\/www.cnbb.org.br\/cnbb-app\/wp\/v2\/types\/post"}],"author":[{"embeddable":true,"href":"https:\/\/www.cnbb.org.br\/cnbb-app\/wp\/v2\/users\/83"}],"replies":[{"embeddable":true,"href":"https:\/\/www.cnbb.org.br\/cnbb-app\/wp\/v2\/comments?post=21719"}],"version-history":[{"count":0,"href":"https:\/\/www.cnbb.org.br\/cnbb-app\/wp\/v2\/posts\/21719\/revisions"}],"wp:featuredmedia":[{"embeddable":true,"href":"https:\/\/www.cnbb.org.br\/cnbb-app\/wp\/v2\/media\/21720"}],"wp:attachment":[{"href":"https:\/\/www.cnbb.org.br\/cnbb-app\/wp\/v2\/media?parent=21719"}],"wp:term":[{"taxonomy":"category","embeddable":true,"href":"https:\/\/www.cnbb.org.br\/cnbb-app\/wp\/v2\/categories?post=21719"},{"taxonomy":"post_tag","embeddable":true,"href":"https:\/\/www.cnbb.org.br\/cnbb-app\/wp\/v2\/tags?post=21719"}],"curies":[{"name":"wp","href":"https:\/\/api.w.org\/{rel}","templated":true}]}}