{"id":21721,"date":"2010-09-26T00:00:00","date_gmt":"2010-09-26T03:00:00","guid":{"rendered":"https:\/\/www.cnbb.org.br\/bento-xvi-recebe-os-bispos-do-regional-lesti-1-da-cnbb\/"},"modified":"2010-09-26T00:00:00","modified_gmt":"2010-09-26T03:00:00","slug":"bento-xvi-recebe-os-bispos-do-regional-lesti-1-da-cnbb","status":"publish","type":"post","link":"https:\/\/www.cnbb.org.br\/bento-xvi-recebe-os-bispos-do-regional-lesti-1-da-cnbb\/","title":{"rendered":"Bento XVI recebe os bispos do Regional Leste 1 da CNBB"},"content":{"rendered":"<p>&nbsp;<\/p>\n<p style=\"text-align: justify\">Em visita <em>ad limina<\/em> desde quinta-feira, 23, os bispos do Regional Leste 1 da CNBB (estado do Rio de Janeiro) foram recebidos na manh\u00e3 de s\u00e1bado, 25 pelo papa Bento XVI, em Castel Gandofo.<\/p>\n<p><!--more--><\/p>\n<p style=\"text-align: justify\">Leia a integra do discurso do papa aos bispos.<\/p>\n<p>Venerados Irm\u00e3os no Episcopado,<\/p>\n<p>Dou-vos as boas-vindas, feliz por receber-vos a todos no curso da visita ad limina Apostolorum que estais fazendo em nome e a favor das vossas dioceses do Regional Leste 1, para refor\u00e7ar os la\u00e7os que as unem ao Sucessor de Pedro. Disto mesmo se fez eco Dom Rafael Cifuentes nas palavras de sauda\u00e7\u00e3o que me dirigiu em vosso nome e que lhe agrade\u00e7o, muito apreciando as preces que dia a dia se elevam ao C\u00e9u por mim e pela Igreja inteira das v\u00e1rias comunidades familiares, paroquiais, religiosas e diocesanas das prov\u00edncias eclesi\u00e1sticas do Rio de Janeiro e de Niter\u00f3i. Sobre todos e cada um des\u00e7a, radiosa, a benevol\u00eancia do Senhor: Ele \u00abfa\u00e7a brilhar sobre ti a sua face, e Se compade\u00e7a de ti. O Senhor volte para ti o seu rosto e te d\u00ea a paz\u00bb (Nm 6, 25-26).<\/p>\n<p style=\"text-align: justify\">Sim, amados Irm\u00e3os, o fulgor de Deus irradie de todo o vosso ser e vida, \u00e0 semelhan\u00e7a de Mois\u00e9s (cf. Ex 34, 29.35) e mais do que ele, pois agora todos n\u00f3s \u00abrefletimos a gl\u00f3ria do Senhor e, segundo esta imagem, somos transformados, de gl\u00f3ria em gl\u00f3ria, pelo Esp\u00edrito do Senhor\u00bb (2 Cor 3, 18). Assim o sentiam os Padres conciliares quando, no fim do Vaticano II, apresentam a Igreja nestes termos: \u00abRica de um longo passado sempre vivo, e caminhando para a perfei\u00e7\u00e3o humana no tempo e para os destinos \u00faltimos da hist\u00f3ria e da vida, ela \u00e9 a verdadeira juventude do mundo. (\u2026) Olhai-a e encontrareis nela o rosto de Cristo, o verdadeiro her\u00f3i, humilde e s\u00e1bio, o profeta da verdade e do amor, o companheiro e o amigo dos jovens\u00bb (Mensagem do Conc\u00edlio \u00e0 humanidade: Aos jovens).<\/p>\n<p style=\"text-align: justify\">Deixando transparecer o rosto de Cristo, a Igreja \u00e9 a juventude do mundo. Mas ser\u00e1 muito dif\u00edcil convencer algu\u00e9m disso mesmo, se n\u00e3o se rev\u00ea nela a gera\u00e7\u00e3o jovem de hoje. Por isso, como certamente vos destes conta, um tema habitual nos meus col\u00f3quios convosco \u00e9 a situa\u00e7\u00e3o dos jovens na respectiva diocese. Confiado na provid\u00eancia divina que amorosamente preside aos destinos da hist\u00f3ria n\u00e3o cessando de preparar os tempos futuros, apraz-me ver raiar o dia de amanh\u00e3 nos jovens de hoje. J\u00e1 o Vener\u00e1vel Papa Jo\u00e3o Paulo II, vendo Roma tornar-se \u00abjovem com os jovens\u00bb no ano 2000, saudou-os como \u00abas sentinelas da manh\u00e3\u00bb (Carta ap. Novo millennio ineunte, 9; cf. Homilia na Vig\u00edlia de Ora\u00e7\u00e3o da XV Jornada Mundial da Juventude, 19\/VIII\/2000, 6), com a tarefa de despertar os seus irm\u00e3os para se fazerem ao largo no vasto oceano do terceiro mil\u00eanio. E, a comprov\u00e1-lo, para al\u00e9m do mais aflui \u00e0 mem\u00f3ria a imagem das longas filas de jovens que esperavam para se confessar no Circo M\u00e1ximo e que voltaram a dar a muitos sacerdotes a confian\u00e7a no sacramento da Penit\u00eancia.<\/p>\n<p style=\"text-align: justify\">Como bem sabeis, amados Pastores, o n\u00facleo da crise espiritual do nosso tempo tem as suas ra\u00edzes no obscurecimento da gra\u00e7a do perd\u00e3o. Quando este n\u00e3o \u00e9 reconhecido como real e eficaz, tende-se a libertar a pessoa da culpa, fazendo com que as condi\u00e7\u00f5es para a sua possibilidade nunca se verifiquem. Mas, no seu \u00edntimo, as pessoas assim \u00ablibertadas\u00bb sabem que isso n\u00e3o \u00e9 verdade, que o pecado existe e que elas mesmas s\u00e3o pecadoras. E, embora algumas linhas da psicologia sintam grande dificuldade em admitir que, entre os sentidos de culpa, possa haver tamb\u00e9m os devidos a uma verdadeira culpa, quem for t\u00e3o frio que n\u00e3o prove sentimentos de culpa nem sequer quando deve, procure por todos os meios recuper\u00e1-los, porque no ordenamento espiritual s\u00e3o necess\u00e1rios para a sa\u00fade da alma. De fato Jesus veio salvar, n\u00e3o aqueles que j\u00e1 se libertaram por si mesmos pensando que n\u00e3o t\u00eam necessidade d\u2019Ele, mas quantos sentem que s\u00e3o pecadores e precisam d\u2019Ele (cf. Lc 5, 31-32).<\/p>\n<p style=\"text-align: justify\">A verdade \u00e9 que todos n\u00f3s temos necessidade d\u2019Ele, como Escultor divino que remove as incrusta\u00e7\u00f5es de p\u00f3 e lixo que se pousaram sobre a imagem de Deus inscrita em n\u00f3s. Precisamos do perd\u00e3o, que constitui o cerne de toda a verdadeira reforma: refazendo a pessoa no seu \u00edntimo, torna-se tamb\u00e9m o centro da renova\u00e7\u00e3o da comunidade. Com efeito, se forem retirados o p\u00f3 e o lixo que tornam irreconhec\u00edvel em mim a imagem de Deus, torno-me verdadeiramente semelhante ao outro, que \u00e9 tamb\u00e9m imagem de Deus, e sobretudo torno-me semelhante a Cristo, que \u00e9 a imagem de Deus sem defeito nem limite algum, o modelo segundo o qual todos n\u00f3s fomos criados. S\u00e3o Paulo exprime isto de modo muito concreto: \u00abJ\u00e1 n\u00e3o sou eu que vivo, \u00e9 Cristo que vive em mim\u00bb (Gl 2, 20). Sou arrancado ao meu isolamento e acolhido numa nova comunidade-sujeito; o meu \u00abeu\u00bb \u00e9 inserido no \u00abeu\u00bb de Cristo e assim \u00e9 unido ao de todos os meus irm\u00e3os. Somente a partir desta profundidade de renova\u00e7\u00e3o do indiv\u00edduo \u00e9 que nasce a Igreja, nasce a comunidade que une e sustenta na vida e na morte. Ela \u00e9 uma companhia na subida, na realiza\u00e7\u00e3o daquela purifica\u00e7\u00e3o que nos torna capazes da verdadeira altura do ser homens, da companhia com Deus. \u00c0 medida que se realiza a purifica\u00e7\u00e3o, tamb\u00e9m a subida \u2013 que no princ\u00edpio \u00e9 \u00e1rdua \u2013 vai-se tornando cada vez mais jubilosa. Esta alegria deve transparecer cada vez mais da Igreja, contagiando o mundo, porque ela \u00e9 a juventude do mundo.<\/p>\n<p style=\"text-align: justify\">Venerados irm\u00e3os, uma tal obra n\u00e3o pode ser realizada com as nossas for\u00e7as, mas s\u00e3o necess\u00e1rias a luz e a gra\u00e7a que prov\u00eam do Esp\u00edrito de Deus e agem no \u00edntimo dos cora\u00e7\u00f5es e das consci\u00eancias. Que elas vos amparem a v\u00f3s e \u00e0s vossas dioceses na forma\u00e7\u00e3o das mentes e dos cora\u00e7\u00f5es. Levai a minha sauda\u00e7\u00e3o afetuosa aos vossos jovens e respectivos animadores sacerdotais, religiosos e laicais. Ergam o olhar para a Imaculada Concei\u00e7\u00e3o, Nossa Senhora Aparecida, a cuja prote\u00e7\u00e3o vos entrego, e de cora\u00e7\u00e3o concedo-vos, extensiva a todos os vossos fi\u00e9is diocesanos, a B\u00ean\u00e7\u00e3o Apost\u00f3lica.<\/p>\n<p style=\"text-align: justify\"><span style=\"font-size: 8pt\"><em><strong>R\u00e1dio Vaticano<\/strong><\/em><\/span><\/p>\n","protected":false},"excerpt":{"rendered":"<p>&nbsp; Em visita ad limina desde quinta-feira, 23, os bispos do Regional Leste 1 da CNBB (estado do Rio de Janeiro) foram recebidos na manh\u00e3 de s\u00e1bado, 25 pelo papa Bento XVI, em Castel Gandofo.<\/p>\n","protected":false},"author":83,"featured_media":21718,"comment_status":"open","ping_status":"open","sticky":false,"template":"","format":"standard","meta":{"site-sidebar-layout":"default","site-content-layout":"default","ast-global-header-display":"","ast-banner-title-visibility":"","ast-main-header-display":"","ast-hfb-above-header-display":"","ast-hfb-below-header-display":"","ast-hfb-mobile-header-display":"","site-post-title":"","ast-breadcrumbs-content":"","ast-featured-img":"","footer-sml-layout":"","theme-transparent-header-meta":"","adv-header-id-meta":"","stick-header-meta":"","header-above-stick-meta":"","header-main-stick-meta":"","header-below-stick-meta":""},"categories":[1],"tags":[],"acf":[],"_links":{"self":[{"href":"https:\/\/www.cnbb.org.br\/cnbb-app\/wp\/v2\/posts\/21721"}],"collection":[{"href":"https:\/\/www.cnbb.org.br\/cnbb-app\/wp\/v2\/posts"}],"about":[{"href":"https:\/\/www.cnbb.org.br\/cnbb-app\/wp\/v2\/types\/post"}],"author":[{"embeddable":true,"href":"https:\/\/www.cnbb.org.br\/cnbb-app\/wp\/v2\/users\/83"}],"replies":[{"embeddable":true,"href":"https:\/\/www.cnbb.org.br\/cnbb-app\/wp\/v2\/comments?post=21721"}],"version-history":[{"count":0,"href":"https:\/\/www.cnbb.org.br\/cnbb-app\/wp\/v2\/posts\/21721\/revisions"}],"wp:featuredmedia":[{"embeddable":true,"href":"https:\/\/www.cnbb.org.br\/cnbb-app\/wp\/v2\/media\/21718"}],"wp:attachment":[{"href":"https:\/\/www.cnbb.org.br\/cnbb-app\/wp\/v2\/media?parent=21721"}],"wp:term":[{"taxonomy":"category","embeddable":true,"href":"https:\/\/www.cnbb.org.br\/cnbb-app\/wp\/v2\/categories?post=21721"},{"taxonomy":"post_tag","embeddable":true,"href":"https:\/\/www.cnbb.org.br\/cnbb-app\/wp\/v2\/tags?post=21721"}],"curies":[{"name":"wp","href":"https:\/\/api.w.org\/{rel}","templated":true}]}}