{"id":21724,"date":"2010-11-04T00:00:00","date_gmt":"2010-11-04T02:00:00","guid":{"rendered":"https:\/\/www.cnbb.org.br\/regional-leste-1-discute-a-palavra-de-deus-na-vida-e-na-acao-pastoral-da-igreja\/"},"modified":"2010-11-04T00:00:00","modified_gmt":"2010-11-04T02:00:00","slug":"regional-leste-1-discute-a-palavra-de-deus-na-vida-e-na-acao-pastoral-da-igreja","status":"publish","type":"post","link":"https:\/\/www.cnbb.org.br\/regional-leste-1-discute-a-palavra-de-deus-na-vida-e-na-acao-pastoral-da-igreja\/","title":{"rendered":"Regional Leste 1 discute \u201ca palavra de Deus na vida e na a\u00e7\u00e3o pastoral da Igreja\u201d"},"content":{"rendered":"<p style=\"text-align: justify\">Na semana passada, dias 29 e 30, aconteceu, na capital fluminense, a 9\u00aa Assembleia do Regional Leste 1 da CNBB (Rio de Janeiro), cujo tema foi &#8220;A Palavra de Deus na vida e na a\u00e7\u00e3o pastoral da Igreja\u201d. Al\u00e9m dos bispos do Regional, estiveram presentes os assessores e coordenadores de secretariados de pastorais diocesanos e agentes ligados \u00e0s diversas comiss\u00f5es diocesanas de catequese e b\u00edblia.<\/p>\n<p>  <!--more-->  <\/p>\n<p style=\"text-align: justify\">O bispo de Valen\u00e7a (RJ), dom Elias Mannig, fez a introdu\u00e7\u00e3o ao tema apresentando o caminho percorrido pela Igreja no Brasil a partir de exorta\u00e7\u00f5es pontif\u00edcias e de documentos aprovados nas \u00faltimas assembleias da CNBB.<\/p>\n<p style=\"text-align: justify\">J\u00e1 o bispo de Petr\u00f3polis, dom Filippo Santoro, aprofundou o tema \u201cA Palavra de Deus e a Miss\u00e3o da Igreja no Mundo\u201d. \u201cA Palavra de Deus n\u00e3o \u00e9 apenas um livro, \u00e9 uma pessoa, \u00e9 Jesus. \u00c9 uma Palavra que toca e que transforma a vida da sociedade, disse o bispo\u201d, afirmou dom Filippo.<\/p>\n<p style=\"text-align: justify\">\u201c\u00c9 muito importante que cada vez mais penetre em nossas comunidades a consci\u00eancia de que, em nossas vidas, a b\u00edblia deve estar presente em tudo o que fazemos; que o nosso trabalho seja a partir da Palavra de Deus e, assim, haja uma cultura b\u00edblica a permear todas as dimens\u00f5es: catequese, c\u00edrculo b\u00edblico e comunidades eclesiais\u201d, disse o arcebispo do Rio de Janeiro, dom Orani Jo\u00e3o Tempesta, durante missa que presidiu no dia 30.<\/p>\n<p style=\"text-align: justify\">O Regional Leste 1 \u00e9 composto pelas arquidioceses do Rio e de Niter\u00f3i, pelas dioceses de Petr\u00f3polis, Nova Friburgo, Campos, Valen\u00e7a, Barra do Pira\u00ed, Volta Redonda, Itagua\u00ed, Duque de Caxias, Nova Igua\u00e7u e pela Administra\u00e7\u00e3o Apost\u00f3lica S\u00e3o Jo\u00e3o Maria Vianney.<\/p>\n<p style=\"text-align: justify\">Ao final da assembl\u00e9ia, foi apresentado o novo site do Regional, que entrar\u00e1 em funcionamento em 30 dias.<\/p>\n","protected":false},"excerpt":{"rendered":"<p>Na semana passada, dias 29 e 30, aconteceu, na capital fluminense, a 9\u00aa Assembleia do Regional Leste 1 da CNBB (Rio de Janeiro), cujo tema foi &#8220;A Palavra de Deus na vida e na a\u00e7\u00e3o pastoral da Igreja\u201d. Al\u00e9m dos bispos do Regional, estiveram presentes os assessores e coordenadores de secretariados de pastorais diocesanos e &hellip;<\/p>\n<p class=\"read-more\"> <a class=\"\" href=\"https:\/\/www.cnbb.org.br\/regional-leste-1-discute-a-palavra-de-deus-na-vida-e-na-acao-pastoral-da-igreja\/\"> <span class=\"screen-reader-text\">Regional Leste 1 discute \u201ca palavra de Deus na vida e na a\u00e7\u00e3o pastoral da Igreja\u201d<\/span> Leia mais &raquo;<\/a><\/p>\n","protected":false},"author":83,"featured_media":21725,"comment_status":"open","ping_status":"open","sticky":false,"template":"","format":"standard","meta":{"site-sidebar-layout":"default","site-content-layout":"default","ast-global-header-display":"","ast-banner-title-visibility":"","ast-main-header-display":"","ast-hfb-above-header-display":"","ast-hfb-below-header-display":"","ast-hfb-mobile-header-display":"","site-post-title":"","ast-breadcrumbs-content":"","ast-featured-img":"","footer-sml-layout":"","theme-transparent-header-meta":"","adv-header-id-meta":"","stick-header-meta":"","header-above-stick-meta":"","header-main-stick-meta":"","header-below-stick-meta":""},"categories":[787,769],"tags":[],"acf":[],"_links":{"self":[{"href":"https:\/\/www.cnbb.org.br\/cnbb-app\/wp\/v2\/posts\/21724"}],"collection":[{"href":"https:\/\/www.cnbb.org.br\/cnbb-app\/wp\/v2\/posts"}],"about":[{"href":"https:\/\/www.cnbb.org.br\/cnbb-app\/wp\/v2\/types\/post"}],"author":[{"embeddable":true,"href":"https:\/\/www.cnbb.org.br\/cnbb-app\/wp\/v2\/users\/83"}],"replies":[{"embeddable":true,"href":"https:\/\/www.cnbb.org.br\/cnbb-app\/wp\/v2\/comments?post=21724"}],"version-history":[{"count":0,"href":"https:\/\/www.cnbb.org.br\/cnbb-app\/wp\/v2\/posts\/21724\/revisions"}],"wp:featuredmedia":[{"embeddable":true,"href":"https:\/\/www.cnbb.org.br\/cnbb-app\/wp\/v2\/media\/21725"}],"wp:attachment":[{"href":"https:\/\/www.cnbb.org.br\/cnbb-app\/wp\/v2\/media?parent=21724"}],"wp:term":[{"taxonomy":"category","embeddable":true,"href":"https:\/\/www.cnbb.org.br\/cnbb-app\/wp\/v2\/categories?post=21724"},{"taxonomy":"post_tag","embeddable":true,"href":"https:\/\/www.cnbb.org.br\/cnbb-app\/wp\/v2\/tags?post=21724"}],"curies":[{"name":"wp","href":"https:\/\/api.w.org\/{rel}","templated":true}]}}