{"id":21728,"date":"2010-11-15T00:00:00","date_gmt":"2010-11-15T02:00:00","guid":{"rendered":"https:\/\/www.cnbb.org.br\/rio-de-janeiro-homenageia-dom-helder-com-estatua-de-bronze\/"},"modified":"2010-11-15T00:00:00","modified_gmt":"2010-11-15T02:00:00","slug":"rio-de-janeiro-homenageia-dom-helder-com-estatua-de-bronze","status":"publish","type":"post","link":"https:\/\/www.cnbb.org.br\/rio-de-janeiro-homenageia-dom-helder-com-estatua-de-bronze\/","title":{"rendered":"Rio de Janeiro homenageia Dom Helder com est\u00e1tua de bronze"},"content":{"rendered":"<p style=\"text-align: justify\">A arquidiocese e a prefeitura do Rio de Janeiro inauguraram, no s\u00e1bado, 13, uma est\u00e1tua de Dom Helder C\u00e2mara no Largo de Pilares. A homenagem \u00e9 uma extens\u00e3o das comemora\u00e7\u00f5es do centen\u00e1rio de seu nascimento, celebrado no ano passado. Dom Helder exerceu seu minist\u00e9rio por 28 anos na capital fluminense. Ele faleceu em 1999, como arcebispo em\u00e9rito de Recife e Olinda, e ficou conhecido em todo o mundo por suas a\u00e7\u00f5es em favor dos pobres e como defensor dos direitos humanos.<\/p>\n<p><!--more--><\/p>\n<p style=\"text-align: justify\">Feita em bronze pelo escultor Otto Dumovich, medindo 1,80 metros de altura e pesando cerca de 250 quilos, a est\u00e1tua foi instalada na esquina entre as avenidas Jo\u00e3o Ribeiro e Dom Helder C\u00e2mara, antiga Avenida Suburbana, Zona Norte do Rio.<\/p>\n<p style=\"text-align: justify\"><img decoding=\"async\" loading=\"lazy\" class=\" alignright size-full wp-image-7333\" style=\"float: right\" src=\"https:\/\/www.cnbb.org.br\/wp-content\/uploads\/2020\/03\/EstatuaDHelder.jpg\" alt=\"EstatuaDHelder\" width=\"300\" height=\"452\" \/>\u201cDom Helder iluminou e inspirou muitas pessoas. Ele muito fez pela nossa cidade e, por isso, merece nosso reconhecimento. Que essa imagem possa servir de inspira\u00e7\u00e3o, a seguir o caminho da f\u00e9, da esperan\u00e7a e por dias melhores\u201d, disse o secret\u00e1rio municipal de Conserva\u00e7\u00e3o e Servi\u00e7os P\u00fablicos, Carlos Roberto Os\u00f3rio, tamb\u00e9m destacou as virtudes de dom Helder.<\/p>\n<p style=\"text-align: justify\">O arcebispo do Rio, dom Orani Jo\u00e3o Tempesta , presidiu uma missa e recordou o exemplo de vida e as a\u00e7\u00f5es realizadas por dom Helder no Rio, destacando o projeto de urbaniza\u00e7\u00e3o de favelas, conhecido como Cruzada S\u00e3o Sebasti\u00e3o, no Leblon, e a funda\u00e7\u00e3o do Banco da Provid\u00eancia, cuja atua\u00e7\u00e3o se desenvolve h\u00e1 50 anos no atendimento a pessoas em situa\u00e7\u00e3o de vulnerabilidade social. Mais de mil pessoas participaram da celebra\u00e7\u00e3o.<\/p>\n<p style=\"text-align: justify\">\u201cSabemos que o segredo de dom Helder para o \u00eaxito de suas atividades estava ligado ao seu profundo amor a Deus e ao pr\u00f3ximo. Quanto mais a pessoa \u00e9 exigida na sua coer\u00eancia de vida, mais ela \u00e9 chamada a traduzir em atitudes her\u00f3icas os valores Evangelho. Valores que nem sempre s\u00e3o compreendidos pela sociedade, mas que trazem alegria para quem vive, e d\u00e1 sentido para a exist\u00eancia\u201d, disse dom Orani.<\/p>\n<p><span style=\"font-size: 8pt\"><em><strong>CNBB\/Arquidiocese do Rio<\/strong><\/em><\/span><\/p>\n<p style=\"text-align: justify\"><span style=\"font-size: 8pt\"><em><strong>Foto: Moioli<\/strong><\/em><\/span><\/p>\n","protected":false},"excerpt":{"rendered":"<p>A arquidiocese e a prefeitura do Rio de Janeiro inauguraram, no s\u00e1bado, 13, uma est\u00e1tua de Dom Helder C\u00e2mara no Largo de Pilares. A homenagem \u00e9 uma extens\u00e3o das comemora\u00e7\u00f5es do centen\u00e1rio de seu nascimento, celebrado no ano passado. Dom Helder exerceu seu minist\u00e9rio por 28 anos na capital fluminense. Ele faleceu em 1999, como &hellip;<\/p>\n<p class=\"read-more\"> <a class=\"\" href=\"https:\/\/www.cnbb.org.br\/rio-de-janeiro-homenageia-dom-helder-com-estatua-de-bronze\/\"> <span class=\"screen-reader-text\">Rio de Janeiro homenageia Dom Helder com est\u00e1tua de bronze<\/span> Leia mais &raquo;<\/a><\/p>\n","protected":false},"author":83,"featured_media":21729,"comment_status":"open","ping_status":"open","sticky":false,"template":"","format":"standard","meta":{"site-sidebar-layout":"default","site-content-layout":"default","ast-global-header-display":"","ast-banner-title-visibility":"","ast-main-header-display":"","ast-hfb-above-header-display":"","ast-hfb-below-header-display":"","ast-hfb-mobile-header-display":"","site-post-title":"","ast-breadcrumbs-content":"","ast-featured-img":"","footer-sml-layout":"","theme-transparent-header-meta":"","adv-header-id-meta":"","stick-header-meta":"","header-above-stick-meta":"","header-main-stick-meta":"","header-below-stick-meta":""},"categories":[1],"tags":[],"acf":[],"_links":{"self":[{"href":"https:\/\/www.cnbb.org.br\/cnbb-app\/wp\/v2\/posts\/21728"}],"collection":[{"href":"https:\/\/www.cnbb.org.br\/cnbb-app\/wp\/v2\/posts"}],"about":[{"href":"https:\/\/www.cnbb.org.br\/cnbb-app\/wp\/v2\/types\/post"}],"author":[{"embeddable":true,"href":"https:\/\/www.cnbb.org.br\/cnbb-app\/wp\/v2\/users\/83"}],"replies":[{"embeddable":true,"href":"https:\/\/www.cnbb.org.br\/cnbb-app\/wp\/v2\/comments?post=21728"}],"version-history":[{"count":0,"href":"https:\/\/www.cnbb.org.br\/cnbb-app\/wp\/v2\/posts\/21728\/revisions"}],"wp:featuredmedia":[{"embeddable":true,"href":"https:\/\/www.cnbb.org.br\/cnbb-app\/wp\/v2\/media\/21729"}],"wp:attachment":[{"href":"https:\/\/www.cnbb.org.br\/cnbb-app\/wp\/v2\/media?parent=21728"}],"wp:term":[{"taxonomy":"category","embeddable":true,"href":"https:\/\/www.cnbb.org.br\/cnbb-app\/wp\/v2\/categories?post=21728"},{"taxonomy":"post_tag","embeddable":true,"href":"https:\/\/www.cnbb.org.br\/cnbb-app\/wp\/v2\/tags?post=21728"}],"curies":[{"name":"wp","href":"https:\/\/api.w.org\/{rel}","templated":true}]}}