{"id":21730,"date":"2010-11-15T00:00:00","date_gmt":"2010-11-15T02:00:00","guid":{"rendered":"https:\/\/www.cnbb.org.br\/diocese-de-petropolis-encerra-assembleia-de-pastoral-com-missa-para-seis-mil-pessoas\/"},"modified":"2010-11-15T00:00:00","modified_gmt":"2010-11-15T02:00:00","slug":"diocese-de-petropolis-encerra-assembleia-de-pastoral-com-missa-para-seis-mil-pessoas","status":"publish","type":"post","link":"https:\/\/www.cnbb.org.br\/diocese-de-petropolis-encerra-assembleia-de-pastoral-com-missa-para-seis-mil-pessoas\/","title":{"rendered":"Diocese de Petr\u00f3polis encerra assembleia de pastoral com missa para seis mil pessoas"},"content":{"rendered":"<p style=\"text-align: justify\">Cerca de seis mil pessoas participaram neste domingo, 14, do encerramento da Assembl\u00e9ia Geral do Plano Pastoral de Conjunto da Diocese de Petr\u00f3polis, no Gin\u00e1sio Polioesportivo Jesus, Maria e Jos\u00e9, em Pau Grande , munic\u00edpio de Mag\u00e9 (RJ), na par\u00f3quia Nossa Senhora da Concei\u00e7\u00e3o de Raiz da Serra.<\/p>\n<p><!--more--><\/p>\n<p style=\"text-align: justify\">Durante a missa de encerramento, o bispo de Petr\u00f3polis, dom Filippo Santoro, falou sobre a exorta\u00e7\u00e3o apost\u00f3lica do Papa Bento XVI, Verbum Domini (A Palavra do Senhor), e tamb\u00e9m sobre o trabalho mission\u00e1rio da Diocese.<\/p>\n<p style=\"text-align: justify\"><img decoding=\"async\" loading=\"lazy\" class=\" alignleft size-full wp-image-7339\" style=\"float: left\" src=\"https:\/\/www.cnbb.org.br\/wp-content\/uploads\/2020\/03\/DiocesePetropolis3.jpg\" alt=\"DiocesePetropolis3\" width=\"270\" height=\"320\" \/>Segundo o bispo de Petr\u00f3polis, dom Filippo Santoro, \u00e9 preciso deixar-se tocar pela palavra de Deus e ter um novo encontro com Cristo. \u201c[\u00c9 preciso] Deixar-se apaixonar novamente por Deus, para podermos assim viver a unidade. Somos pessoas, n\u00e3o funcion\u00e1rios. Deus quer nos tocar pessoalmente\u201d, frisou dom Filippo.<\/p>\n<p style=\"text-align: justify\">Dom Filippo refor\u00e7ou a import\u00e2ncia de viver uma comunh\u00e3o com toda diocese e o valor da dimens\u00e3o mission\u00e1ria, \u201cde estarmos sempre \u00e0 disposi\u00e7\u00e3o da evangeliza\u00e7\u00e3o, mergulhados na for\u00e7a da Palavra de Deus\u201d.<\/p>\n<p style=\"text-align: justify\">Durante dois dias, representantes das 43 par\u00f3quias e dos movimentos, pastorais, escolas cat\u00f3licas e congrega\u00e7\u00f5es religiosas femininas e masculinas, refletiram sobre o trabalho da diocese a partir da experi\u00eancia pessoal de cada um na miss\u00e3o popular. Os encontros aconteceram no Centro de Forma\u00e7\u00e3o S\u00e3o Francisco de Assis, na Par\u00f3quia Nossa Senhora Aparecida de Piabet\u00e1, e contou com a presen\u00e7a de todos os padres da diocese no s\u00e1bado, 13.<\/p>\n","protected":false},"excerpt":{"rendered":"<p>Cerca de seis mil pessoas participaram neste domingo, 14, do encerramento da Assembl\u00e9ia Geral do Plano Pastoral de Conjunto da Diocese de Petr\u00f3polis, no Gin\u00e1sio Polioesportivo Jesus, Maria e Jos\u00e9, em Pau Grande , munic\u00edpio de Mag\u00e9 (RJ), na par\u00f3quia Nossa Senhora da Concei\u00e7\u00e3o de Raiz da Serra.<\/p>\n","protected":false},"author":83,"featured_media":21731,"comment_status":"open","ping_status":"open","sticky":false,"template":"","format":"standard","meta":{"site-sidebar-layout":"default","site-content-layout":"default","ast-global-header-display":"","ast-banner-title-visibility":"","ast-main-header-display":"","ast-hfb-above-header-display":"","ast-hfb-below-header-display":"","ast-hfb-mobile-header-display":"","site-post-title":"","ast-breadcrumbs-content":"","ast-featured-img":"","footer-sml-layout":"","theme-transparent-header-meta":"","adv-header-id-meta":"","stick-header-meta":"","header-above-stick-meta":"","header-main-stick-meta":"","header-below-stick-meta":""},"categories":[1],"tags":[],"acf":[],"_links":{"self":[{"href":"https:\/\/www.cnbb.org.br\/cnbb-app\/wp\/v2\/posts\/21730"}],"collection":[{"href":"https:\/\/www.cnbb.org.br\/cnbb-app\/wp\/v2\/posts"}],"about":[{"href":"https:\/\/www.cnbb.org.br\/cnbb-app\/wp\/v2\/types\/post"}],"author":[{"embeddable":true,"href":"https:\/\/www.cnbb.org.br\/cnbb-app\/wp\/v2\/users\/83"}],"replies":[{"embeddable":true,"href":"https:\/\/www.cnbb.org.br\/cnbb-app\/wp\/v2\/comments?post=21730"}],"version-history":[{"count":0,"href":"https:\/\/www.cnbb.org.br\/cnbb-app\/wp\/v2\/posts\/21730\/revisions"}],"wp:featuredmedia":[{"embeddable":true,"href":"https:\/\/www.cnbb.org.br\/cnbb-app\/wp\/v2\/media\/21731"}],"wp:attachment":[{"href":"https:\/\/www.cnbb.org.br\/cnbb-app\/wp\/v2\/media?parent=21730"}],"wp:term":[{"taxonomy":"category","embeddable":true,"href":"https:\/\/www.cnbb.org.br\/cnbb-app\/wp\/v2\/categories?post=21730"},{"taxonomy":"post_tag","embeddable":true,"href":"https:\/\/www.cnbb.org.br\/cnbb-app\/wp\/v2\/tags?post=21730"}],"curies":[{"name":"wp","href":"https:\/\/api.w.org\/{rel}","templated":true}]}}