{"id":21794,"date":"2011-11-14T00:00:00","date_gmt":"2011-11-14T02:00:00","guid":{"rendered":"https:\/\/www.cnbb.org.br\/diocese-de-petropolis-promove-a-7o-assembleia-do-plano-pastoral-de-conjunto\/"},"modified":"2011-11-14T00:00:00","modified_gmt":"2011-11-14T02:00:00","slug":"diocese-de-petropolis-promove-a-7o-assembleia-do-plano-pastoral-de-conjunto","status":"publish","type":"post","link":"https:\/\/www.cnbb.org.br\/diocese-de-petropolis-promove-a-7o-assembleia-do-plano-pastoral-de-conjunto\/","title":{"rendered":"Diocese de Petr\u00f3polis promove a 7\u00aa Assembleia do Plano Pastoral de Conjunto"},"content":{"rendered":"<p style=\"text-align: justify\">Nos dias 14 e 15 de novembro, a diocese de Petr\u00f3polis (RJ) realiza em Teres\u00f3polis (RJ), a 7\u00aa Assembleia do Plano Pastoral de Conjunto, mobilizando mais de seis mil pessoas. O tema deste ano da assembl\u00e9ia \u00e9 \u201cEvangelizar a partir de Jesus Cristo, na for\u00e7a do Esp\u00edrito, com a prote\u00e7\u00e3o de Maria\u201d, que segundo o bispo diocesano, dom Filippo Santoro, est\u00e1 em sintonia com as Diretrizes Gerais da A\u00e7\u00e3o Evangelizadora da Igreja no Brasil (DGAE). Uma das novidades da 7\u00aa Assembleia ser\u00e1 a proclama\u00e7\u00e3o solene da cria\u00e7\u00e3o do Santu\u00e1rio Mariano Diocesano Nossa Senhora do Amor Divino, que ser\u00e1 instalado na Igreja de Corr\u00eaas.<\/p>\n<p><!--more--><\/p>\n<p style=\"text-align: justify\">Dom Filippo Santoro explicou que o Plano Pastoral de Conjunto \u00e9 importante porque organiza a vida da diocese, pois \u00e9 um plano unit\u00e1rio que abra\u00e7a toda atividade pastoral e toda obra de evangeliza\u00e7\u00e3o. \u201cO Plano \u00e9 ponto de refer\u00eancia para toda atividade de evangeliza\u00e7\u00e3o, pastoral e de presen\u00e7a na vida da sociedade. O plano d\u00e1 um rosto unit\u00e1rio, todos, cada um com sua caracter\u00edstica, dentro da sua realidade, trabalham em unidade, com\u00a0 o \u00fanico objetivo\u201d, afirmou o bispo.<\/p>\n<p style=\"text-align: justify\">Ele citou como um dos exemplos desta unidade, a trag\u00e9dia na Regi\u00e3o Serrana no inicio deste ano, quando \u201ctoda estrutura do plano que tinha como objetivo a evangeliza\u00e7\u00e3o, a miss\u00e3o popular, foi colocada a servi\u00e7o das vitimas da trag\u00e9dia, principalmente nas par\u00f3quias de Madame Machado e Vale do Cuiab\u00e1, em Teres\u00f3polis, S\u00e3o Jos\u00e9 do Vale do Rio Preto e Areal\u201d. Dom Filippo Santoro disse que como resultado deste trabalho, que utilizou a estrutura do Plano Pastoral, surgiu o projeto Presen\u00e7a Samaritana, cuja atua\u00e7\u00e3o est\u00e1 centrada em Teres\u00f3polis, onde o n\u00famero de vitimas \u00e9 maior, mais com a\u00e7\u00f5es nos demais munic\u00edpios atingidos pela chuva.<\/p>\n<p style=\"text-align: justify\">Como fruto tamb\u00e9m do Plano Pastoral de Conjunto, o bispo disse que hoje, mais do que no passado, a diocese caminha em sintonia com Igreja no Brasil e em toda Am\u00e9rica Latina, afirmando que, a Confer\u00eancia de Aparecida, realizada em 2007, confirmou as metas centrais do Plano Pastoral, que s\u00e3o promover o encontro pessoal com Cristo, a forma\u00e7\u00e3o dos disc\u00edpulos de Jesus, o testemunho da f\u00e9 e a miss\u00e3o popular, com a forma\u00e7\u00e3o de pequenas comunidades, onde se d\u00e1 o testemunho e comunh\u00e3o fraterna.<\/p>\n<p style=\"text-align: justify\">Dom Filippo Santoro disse que muitos frutos surgiram ao longo destes sete anos do Plano Pastoral de Conjunto e lembra que um dos pontos importantes \u00e9 o protagonismo dos leigos. \u201cOs leigos s\u00e3o os protagonistas, pois participam da assembl\u00e9ia apontando os erros, com criticas, sugest\u00f5es, mais em unidade com os padres. Na assembleia fomos um caminho juntos, concretizando a unidade do Plano Pastoral\u201d.<\/p>\n","protected":false},"excerpt":{"rendered":"<p>Nos dias 14 e 15 de novembro, a diocese de Petr\u00f3polis (RJ) realiza em Teres\u00f3polis (RJ), a 7\u00aa Assembleia do Plano Pastoral de Conjunto, mobilizando mais de seis mil pessoas. O tema deste ano da assembl\u00e9ia \u00e9 \u201cEvangelizar a partir de Jesus Cristo, na for\u00e7a do Esp\u00edrito, com a prote\u00e7\u00e3o de Maria\u201d, que segundo o &hellip;<\/p>\n<p class=\"read-more\"> <a class=\"\" href=\"https:\/\/www.cnbb.org.br\/diocese-de-petropolis-promove-a-7o-assembleia-do-plano-pastoral-de-conjunto\/\"> <span class=\"screen-reader-text\">Diocese de Petr\u00f3polis promove a 7\u00aa Assembleia do Plano Pastoral de Conjunto<\/span> Leia mais &raquo;<\/a><\/p>\n","protected":false},"author":83,"featured_media":21795,"comment_status":"open","ping_status":"open","sticky":false,"template":"","format":"standard","meta":{"site-sidebar-layout":"default","site-content-layout":"default","ast-global-header-display":"","ast-banner-title-visibility":"","ast-main-header-display":"","ast-hfb-above-header-display":"","ast-hfb-below-header-display":"","ast-hfb-mobile-header-display":"","site-post-title":"","ast-breadcrumbs-content":"","ast-featured-img":"","footer-sml-layout":"","theme-transparent-header-meta":"","adv-header-id-meta":"","stick-header-meta":"","header-above-stick-meta":"","header-main-stick-meta":"","header-below-stick-meta":""},"categories":[787,769],"tags":[],"acf":[],"_links":{"self":[{"href":"https:\/\/www.cnbb.org.br\/cnbb-app\/wp\/v2\/posts\/21794"}],"collection":[{"href":"https:\/\/www.cnbb.org.br\/cnbb-app\/wp\/v2\/posts"}],"about":[{"href":"https:\/\/www.cnbb.org.br\/cnbb-app\/wp\/v2\/types\/post"}],"author":[{"embeddable":true,"href":"https:\/\/www.cnbb.org.br\/cnbb-app\/wp\/v2\/users\/83"}],"replies":[{"embeddable":true,"href":"https:\/\/www.cnbb.org.br\/cnbb-app\/wp\/v2\/comments?post=21794"}],"version-history":[{"count":0,"href":"https:\/\/www.cnbb.org.br\/cnbb-app\/wp\/v2\/posts\/21794\/revisions"}],"wp:featuredmedia":[{"embeddable":true,"href":"https:\/\/www.cnbb.org.br\/cnbb-app\/wp\/v2\/media\/21795"}],"wp:attachment":[{"href":"https:\/\/www.cnbb.org.br\/cnbb-app\/wp\/v2\/media?parent=21794"}],"wp:term":[{"taxonomy":"category","embeddable":true,"href":"https:\/\/www.cnbb.org.br\/cnbb-app\/wp\/v2\/categories?post=21794"},{"taxonomy":"post_tag","embeddable":true,"href":"https:\/\/www.cnbb.org.br\/cnbb-app\/wp\/v2\/tags?post=21794"}],"curies":[{"name":"wp","href":"https:\/\/api.w.org\/{rel}","templated":true}]}}