{"id":21805,"date":"2012-01-20T00:00:00","date_gmt":"2012-01-20T02:00:00","guid":{"rendered":"https:\/\/www.cnbb.org.br\/no-rio-festa-de-sao-sebastiao-marca-abertura-do-ano-do-discipulado\/"},"modified":"2012-01-20T00:00:00","modified_gmt":"2012-01-20T02:00:00","slug":"no-rio-festa-de-sao-sebastiao-marca-abertura-do-ano-do-discipulado","status":"publish","type":"post","link":"https:\/\/www.cnbb.org.br\/no-rio-festa-de-sao-sebastiao-marca-abertura-do-ano-do-discipulado\/","title":{"rendered":"No Rio, festa de S\u00e3o Sebasti\u00e3o marca abertura do Ano do Discipulado"},"content":{"rendered":"<p style=\"text-align: justify\">Extensa programa\u00e7\u00e3o cultural e religiosa marcou a celebra\u00e7\u00e3o do dia do padroeiro da arquidiocese e da cidade do Rio de Janeiro (RJ), S\u00e3o Sebasti\u00e3o, nesta sexta-feira, 20. O arcebispo, dom Orani Jo\u00e3o Tempesta, liderou as cerim\u00f4nias depois de uma trezena preparat\u00f3ria que contou com a peregrina\u00e7\u00e3o da imagem do padroeiro por diversas regi\u00f5es da capital carioca. A festa, este ano, tamb\u00e9m foi o marco inaugural do Ano do Discipulado.<\/p>\n<p><!--more--><\/p>\n<p style=\"text-align: justify\">Trata-se de uma decis\u00e3o da assembleia arquidiocesana, realizada em novembro do ano passado, que determinou que as atividades pastorais deste ano sejam marcadas pela reflex\u00e3o da quest\u00e3o \u201co que significa ser disc\u00edpulo de Cristo?\u201d. \u201cA proposta consiste em viver tudo o que est\u00e1 se fazendo, s\u00f3 que sob o enfoque espec\u00edfico do discipulado\u201d, explicou o monsenhor Joel Portela, coordenador arquidiocesano de pastoral, em entrevista ao site da arquidiocese do Rio.<\/p>\n<p style=\"text-align: justify\">O 11\u00ba Plano de Pastoral de Conjunto, aprovado na \u00faltima assembleia, prev\u00ea um tema espec\u00edfico a ser trabalhado a cada ano no per\u00edodo entre 2012 a 2016, sendo que a cada ano a reflex\u00e3o come\u00e7a na festa de S\u00e3o Sebasti\u00e3o e termina na festa de Cristo Rei. Para este ano o tema \u00e9 Jesus Cristo, com uma reflex\u00e3o da rela\u00e7\u00e3o pessoal que se tem com Ele, para amadurecer a proposta do discipulado. Monsenhor Joel lembrou tamb\u00e9m que n\u00e3o s\u00e3o programadas atividades espec\u00edficas para esta reflex\u00e3o, mas haver\u00e1 uma prioridade pastoral: a inicia\u00e7\u00e3o crist\u00e3. \u201cCuidaremos com mais afinco da Anima\u00e7\u00e3o B\u00edblica de toda a Pastoral\u201d, concluiu Joel.<\/p>\n","protected":false},"excerpt":{"rendered":"<p>Extensa programa\u00e7\u00e3o cultural e religiosa marcou a celebra\u00e7\u00e3o do dia do padroeiro da arquidiocese e da cidade do Rio de Janeiro (RJ), S\u00e3o Sebasti\u00e3o, nesta sexta-feira, 20. O arcebispo, dom Orani Jo\u00e3o Tempesta, liderou as cerim\u00f4nias depois de uma trezena preparat\u00f3ria que contou com a peregrina\u00e7\u00e3o da imagem do padroeiro por diversas regi\u00f5es da capital &hellip;<\/p>\n<p class=\"read-more\"> <a class=\"\" href=\"https:\/\/www.cnbb.org.br\/no-rio-festa-de-sao-sebastiao-marca-abertura-do-ano-do-discipulado\/\"> <span class=\"screen-reader-text\">No Rio, festa de S\u00e3o Sebasti\u00e3o marca abertura do Ano do Discipulado<\/span> Leia mais &raquo;<\/a><\/p>\n","protected":false},"author":83,"featured_media":21806,"comment_status":"open","ping_status":"open","sticky":false,"template":"","format":"standard","meta":{"site-sidebar-layout":"default","site-content-layout":"default","ast-global-header-display":"","ast-banner-title-visibility":"","ast-main-header-display":"","ast-hfb-above-header-display":"","ast-hfb-below-header-display":"","ast-hfb-mobile-header-display":"","site-post-title":"","ast-breadcrumbs-content":"","ast-featured-img":"","footer-sml-layout":"","theme-transparent-header-meta":"","adv-header-id-meta":"","stick-header-meta":"","header-above-stick-meta":"","header-main-stick-meta":"","header-below-stick-meta":""},"categories":[787,769],"tags":[],"acf":[],"_links":{"self":[{"href":"https:\/\/www.cnbb.org.br\/cnbb-app\/wp\/v2\/posts\/21805"}],"collection":[{"href":"https:\/\/www.cnbb.org.br\/cnbb-app\/wp\/v2\/posts"}],"about":[{"href":"https:\/\/www.cnbb.org.br\/cnbb-app\/wp\/v2\/types\/post"}],"author":[{"embeddable":true,"href":"https:\/\/www.cnbb.org.br\/cnbb-app\/wp\/v2\/users\/83"}],"replies":[{"embeddable":true,"href":"https:\/\/www.cnbb.org.br\/cnbb-app\/wp\/v2\/comments?post=21805"}],"version-history":[{"count":0,"href":"https:\/\/www.cnbb.org.br\/cnbb-app\/wp\/v2\/posts\/21805\/revisions"}],"wp:featuredmedia":[{"embeddable":true,"href":"https:\/\/www.cnbb.org.br\/cnbb-app\/wp\/v2\/media\/21806"}],"wp:attachment":[{"href":"https:\/\/www.cnbb.org.br\/cnbb-app\/wp\/v2\/media?parent=21805"}],"wp:term":[{"taxonomy":"category","embeddable":true,"href":"https:\/\/www.cnbb.org.br\/cnbb-app\/wp\/v2\/categories?post=21805"},{"taxonomy":"post_tag","embeddable":true,"href":"https:\/\/www.cnbb.org.br\/cnbb-app\/wp\/v2\/tags?post=21805"}],"curies":[{"name":"wp","href":"https:\/\/api.w.org\/{rel}","templated":true}]}}