{"id":21811,"date":"2012-02-08T00:00:00","date_gmt":"2012-02-08T02:00:00","guid":{"rendered":"https:\/\/www.cnbb.org.br\/comeca-o-curso-anual-dos-bispos-no-rio-de-janeiro\/"},"modified":"2012-02-08T00:00:00","modified_gmt":"2012-02-08T02:00:00","slug":"comeca-o-curso-anual-dos-bispos-no-rio-de-janeiro","status":"publish","type":"post","link":"https:\/\/www.cnbb.org.br\/comeca-o-curso-anual-dos-bispos-no-rio-de-janeiro\/","title":{"rendered":"Come\u00e7a o Curso Anual dos Bispos, no Rio de Janeiro"},"content":{"rendered":"<p style=\"text-align: justify\">A solenidade de abertura do Curso Anual dos Bispos do Brasil aconteceu na segunda-feira, 6, no Centro de Estudos do Sumar\u00e9, no Rio de Janeiro. Durante a abertura oficial, o arcebispo metropolitano, dom Orani Jo\u00e3o Tempesta, ressaltou a import\u00e2ncia de reencontrar amigos e de partilhar a vida para gerar um \u00e2nimo novo ao minist\u00e9rio episcopal.<\/p>\n<p><!--more--><\/p>\n<p style=\"text-align: justify\">\u201cEsse \u00e9 um curso que pretende ser de conviv\u00eancia, de fraternidade, de atualiza\u00e7\u00e3o, de partilha e de descanso tamb\u00e9m. \u00c9 muito bom estarmos juntos. Cada vez que n\u00f3s nos reunimos, n\u00e3o s\u00f3 por aquilo que escutamos, mas especialmente pelo que n\u00f3s convivemos, nos ajudamos a crescer e nos tornamos muito mais amigos, al\u00e9m da coletividade que nos une\u201d, disse dom Orani.<\/p>\n<p style=\"text-align: justify\">A mesa de abertura foi composta pelo bispo auxiliar em\u00e9rito do Rio de Janeiro e organizador do evento, dom Karl Josef Romer, e pelos conferencistas: arcebispo de Kinshasa, no Congo, cardeal Laurent Monsengwo Pasinya; presidente do Pontif\u00edcio Conselho para a Promo\u00e7\u00e3o da Unidade dos Crist\u00e3os, cardeal Kurt Koch e o secret\u00e1rio da Congrega\u00e7\u00e3o para a Educa\u00e7\u00e3o Cat\u00f3lica, dom Jean-Louis Brugu\u00e8s. Com mais de 100 bispos inscritos de todo o pa\u00eds, o encontro tem como tema principal os \u201c50 anos ap\u00f3s o Conc\u00edlio Vaticano II \u2013 Novo Dinamismo e Novas Interroga\u00e7\u00f5es para a Igreja\u201d. As confer\u00eancias v\u00e3o abordar tr\u00eas documentos do Conc\u00edlio: \u201cPalavra de Deus\u201d, \u201cEcumenismo\u201d e \u201cEnsino das Institui\u00e7\u00f5es Cat\u00f3licas\u201d.<\/p>\n<p style=\"text-align: justify\">\u201cAgradecemos muito a Deus por poder oferecer aos bispos do Brasil esse encontro anual, e a nossa inten\u00e7\u00e3o \u00e9 dar continuidade ao que Dom Eugenio Sales come\u00e7ou. Espero que na vida e no minist\u00e9rio de cada um de voc\u00eas os frutos sejam abundantes\u201d, afirmou dom Orani.<\/p>\n<p style=\"text-align: justify\"><strong>Segundo dia<\/strong><\/p>\n<p style=\"text-align: justify\"><img decoding=\"async\" loading=\"lazy\" class=\" alignleft size-full wp-image-13538\" style=\"float: left\" src=\"https:\/\/www.cnbb.org.br\/wp-content\/uploads\/2020\/03\/cursodosbispos20122.jpg\" alt=\"cursodosbispos20122\" width=\"230\" height=\"186\" \/>O segundo dia do Curso para Bispos teve in\u00edcio \u00e0s 7h com a missa presidida pelo presidente do Pontif\u00edcio Conselho para a Unidade dos Crist\u00e3os, cardeal Kurt Koch.<\/p>\n<p style=\"text-align: justify\">As duas primeiras confer\u00eancias de ontem, 7, foram ministradas pelo arcebispo de Kinshasa, na Rep\u00fablica Democr\u00e1tica do Congo, cardeal Laurent Monsengwo Pasinya, que falou sobre a \u201cRevela\u00e7\u00e3o na hist\u00f3ria\u201d, \u00e0 luz da Constitui\u00e7\u00e3o Dogm\u00e1tica sobre a Revela\u00e7\u00e3o Divina (Dei Verbum).<\/p>\n<p style=\"text-align: justify\">No in\u00edcio da tarde, os bispos reunidos ouviram a palestra do Secret\u00e1rio da Congrega\u00e7\u00e3o para a Educa\u00e7\u00e3o Cat\u00f3lica, dom Jean-Louis Brugu\u00e8s. Dom Brugu\u00e8s iniciou sua reflex\u00e3o sobre o assunto a Declara\u00e7\u00e3o Conciliar \u201cGravissimum educationis\u201d. Em sua primeira coloca\u00e7\u00e3o, aprofundou o contexto da elabora\u00e7\u00e3o e do conte\u00fado do documento conciliar. Frisou que hoje, 50 anos ap\u00f3s o Conc\u00edlio Vaticano II, o mundo vive novamente um tempo de emerg\u00eancia educativa, mas que em nenhum momento a Igreja deixou de desenvolver o seu ensinamento e a sua obra no campo educativo.<\/p>\n<p style=\"text-align: justify\"><img decoding=\"async\" loading=\"lazy\" class=\" alignleft size-full wp-image-13539\" style=\"float: left\" src=\"https:\/\/www.cnbb.org.br\/wp-content\/uploads\/2020\/03\/cursodosbispos20123.jpg\" alt=\"cursodosbispos20123\" width=\"230\" height=\"187\" \/>Ap\u00f3s abordar o contexto hist\u00f3rico, fazendo uma ampla an\u00e1lise do per\u00edodo preparat\u00f3rio e dos anos de reuni\u00e3o do Conc\u00edlio, o bispo fez uma exposi\u00e7\u00e3o detalhada das partes da \u201cGravissimum educationis\u201d, destacando os temas da educa\u00e7\u00e3o da pessoa num contexto de abertura ao mundo contempor\u00e2neo e na sua integralidade; da passagem da escola institui\u00e7\u00e3o \u00e0 comunidade educativa para servir a pessoa; e sobre a miss\u00e3o dos professores.<\/p>\n","protected":false},"excerpt":{"rendered":"<p>A solenidade de abertura do Curso Anual dos Bispos do Brasil aconteceu na segunda-feira, 6, no Centro de Estudos do Sumar\u00e9, no Rio de Janeiro. Durante a abertura oficial, o arcebispo metropolitano, dom Orani Jo\u00e3o Tempesta, ressaltou a import\u00e2ncia de reencontrar amigos e de partilhar a vida para gerar um \u00e2nimo novo ao minist\u00e9rio episcopal.<\/p>\n","protected":false},"author":83,"featured_media":21812,"comment_status":"open","ping_status":"open","sticky":false,"template":"","format":"standard","meta":{"site-sidebar-layout":"default","site-content-layout":"default","ast-global-header-display":"","ast-banner-title-visibility":"","ast-main-header-display":"","ast-hfb-above-header-display":"","ast-hfb-below-header-display":"","ast-hfb-mobile-header-display":"","site-post-title":"","ast-breadcrumbs-content":"","ast-featured-img":"","footer-sml-layout":"","theme-transparent-header-meta":"","adv-header-id-meta":"","stick-header-meta":"","header-above-stick-meta":"","header-main-stick-meta":"","header-below-stick-meta":""},"categories":[787,769],"tags":[],"acf":[],"_links":{"self":[{"href":"https:\/\/www.cnbb.org.br\/cnbb-app\/wp\/v2\/posts\/21811"}],"collection":[{"href":"https:\/\/www.cnbb.org.br\/cnbb-app\/wp\/v2\/posts"}],"about":[{"href":"https:\/\/www.cnbb.org.br\/cnbb-app\/wp\/v2\/types\/post"}],"author":[{"embeddable":true,"href":"https:\/\/www.cnbb.org.br\/cnbb-app\/wp\/v2\/users\/83"}],"replies":[{"embeddable":true,"href":"https:\/\/www.cnbb.org.br\/cnbb-app\/wp\/v2\/comments?post=21811"}],"version-history":[{"count":0,"href":"https:\/\/www.cnbb.org.br\/cnbb-app\/wp\/v2\/posts\/21811\/revisions"}],"wp:featuredmedia":[{"embeddable":true,"href":"https:\/\/www.cnbb.org.br\/cnbb-app\/wp\/v2\/media\/21812"}],"wp:attachment":[{"href":"https:\/\/www.cnbb.org.br\/cnbb-app\/wp\/v2\/media?parent=21811"}],"wp:term":[{"taxonomy":"category","embeddable":true,"href":"https:\/\/www.cnbb.org.br\/cnbb-app\/wp\/v2\/categories?post=21811"},{"taxonomy":"post_tag","embeddable":true,"href":"https:\/\/www.cnbb.org.br\/cnbb-app\/wp\/v2\/tags?post=21811"}],"curies":[{"name":"wp","href":"https:\/\/api.w.org\/{rel}","templated":true}]}}