{"id":21816,"date":"2012-04-30T00:00:00","date_gmt":"2012-04-30T03:00:00","guid":{"rendered":"https:\/\/www.cnbb.org.br\/dom-nelson-francelino-e-o-novo-bispo-referencial-da-educacao-no-regional-leste-1-da-cnbb\/"},"modified":"2012-04-30T00:00:00","modified_gmt":"2012-04-30T03:00:00","slug":"dom-nelson-francelino-e-o-novo-bispo-referencial-da-educacao-no-regional-leste-1-da-cnbb","status":"publish","type":"post","link":"https:\/\/www.cnbb.org.br\/dom-nelson-francelino-e-o-novo-bispo-referencial-da-educacao-no-regional-leste-1-da-cnbb\/","title":{"rendered":"Dom Nelson Francelino \u00e9 o novo bispo referencial da educa\u00e7\u00e3o no Regional Leste 1 da CNBB"},"content":{"rendered":"<p style=\"text-align: justify\">Os Coordenadores Diocesanos e Assessores Eclesi\u00e1sticos da Pastoral da Educa\u00e7\u00e3o, do Regional Leste 1 da CNBB (Rio de Janeiro) acolheram, em sua primeira reuni\u00e3o do ano de 2012,\u00a0 dom Nelson Francelino Ferreira, bispo auxiliar da arquidiocese do Rio de Janeiro\u00a0 como seu bispo referencial.<\/p>\n<p>  <!--more-->  <\/p>\n<p style=\"text-align: justify\">Dom Nelson se disse muito feliz em poder ajudar a manter a caminhada de 12 anos de trabalhos prestados por esta Equipe da Pastoral da Educa\u00e7\u00e3o. Lembrou ainda a contribui\u00e7\u00e3o de seu antecessor, dom Filippo Santoro, hoje, arcebispo de Taranto, na It\u00e1lia e agradeceu a sua prestimosa e evang\u00e9lica atua\u00e7\u00e3o junto ao mundo da educa\u00e7\u00e3o no estado Fluminense, sobretudo quanto ao Ensino Religioso Confessional Plural.<\/p>\n<p style=\"text-align: justify\">Foi confirmado como assessor desta Pastoral, no Regional, o professor S\u00e9rgio Maia. Os coordenadores diocesanos apresentaram ao novo bispo referencial suas cartas de nomea\u00e7\u00e3o, enviadas por seus bispos diocesanos.<\/p>\n<p style=\"text-align: justify\">Dom Nelson ofereceu, em seguida, uma reflex\u00e3o sobre o Decreto Conciliar Gravissimum Educationis. Foram tratadas quest\u00f5es pr\u00e1ticas e organizacionais.<\/p>\n","protected":false},"excerpt":{"rendered":"<p>Os Coordenadores Diocesanos e Assessores Eclesi\u00e1sticos da Pastoral da Educa\u00e7\u00e3o, do Regional Leste 1 da CNBB (Rio de Janeiro) acolheram, em sua primeira reuni\u00e3o do ano de 2012,\u00a0 dom Nelson Francelino Ferreira, bispo auxiliar da arquidiocese do Rio de Janeiro\u00a0 como seu bispo referencial.<\/p>\n","protected":false},"author":83,"featured_media":21817,"comment_status":"open","ping_status":"open","sticky":false,"template":"","format":"standard","meta":{"site-sidebar-layout":"default","site-content-layout":"default","ast-global-header-display":"","ast-banner-title-visibility":"","ast-main-header-display":"","ast-hfb-above-header-display":"","ast-hfb-below-header-display":"","ast-hfb-mobile-header-display":"","site-post-title":"","ast-breadcrumbs-content":"","ast-featured-img":"","footer-sml-layout":"","theme-transparent-header-meta":"","adv-header-id-meta":"","stick-header-meta":"","header-above-stick-meta":"","header-main-stick-meta":"","header-below-stick-meta":""},"categories":[787,769],"tags":[],"acf":[],"_links":{"self":[{"href":"https:\/\/www.cnbb.org.br\/cnbb-app\/wp\/v2\/posts\/21816"}],"collection":[{"href":"https:\/\/www.cnbb.org.br\/cnbb-app\/wp\/v2\/posts"}],"about":[{"href":"https:\/\/www.cnbb.org.br\/cnbb-app\/wp\/v2\/types\/post"}],"author":[{"embeddable":true,"href":"https:\/\/www.cnbb.org.br\/cnbb-app\/wp\/v2\/users\/83"}],"replies":[{"embeddable":true,"href":"https:\/\/www.cnbb.org.br\/cnbb-app\/wp\/v2\/comments?post=21816"}],"version-history":[{"count":0,"href":"https:\/\/www.cnbb.org.br\/cnbb-app\/wp\/v2\/posts\/21816\/revisions"}],"wp:featuredmedia":[{"embeddable":true,"href":"https:\/\/www.cnbb.org.br\/cnbb-app\/wp\/v2\/media\/21817"}],"wp:attachment":[{"href":"https:\/\/www.cnbb.org.br\/cnbb-app\/wp\/v2\/media?parent=21816"}],"wp:term":[{"taxonomy":"category","embeddable":true,"href":"https:\/\/www.cnbb.org.br\/cnbb-app\/wp\/v2\/categories?post=21816"},{"taxonomy":"post_tag","embeddable":true,"href":"https:\/\/www.cnbb.org.br\/cnbb-app\/wp\/v2\/tags?post=21816"}],"curies":[{"name":"wp","href":"https:\/\/api.w.org\/{rel}","templated":true}]}}