{"id":21822,"date":"2012-06-25T00:00:00","date_gmt":"2012-06-25T03:00:00","guid":{"rendered":"https:\/\/www.cnbb.org.br\/pastoral-da-educacao-do-regional-leste-1-convoca-mobilizacao\/"},"modified":"2012-06-25T00:00:00","modified_gmt":"2012-06-25T03:00:00","slug":"pastoral-da-educacao-do-regional-leste-1-convoca-mobilizacao","status":"publish","type":"post","link":"https:\/\/www.cnbb.org.br\/pastoral-da-educacao-do-regional-leste-1-convoca-mobilizacao\/","title":{"rendered":"Pastoral da Educa\u00e7\u00e3o do Regional Leste 1 convida pastorais ligadas  a educa\u00e7\u00e3o para um trabalho em parceria"},"content":{"rendered":"<p style=\"text-align: justify\">O bispo auxiliar do Rio de Janeiro (RJ), dom Nelson Francelino, e referencial para a Pastoral da Educa\u00e7\u00e3o no Regional Leste 1 da CNBB (Rio de Janeiro), na \u00faltima reuni\u00e3o\u00a0 com os Coordenadores Diocesanos e Assessores Eclesi\u00e1sticos das 10 dioceses e a Administra\u00e7\u00e3o Apost\u00f3lica Pessoal S\u00e3o Jo\u00e3o Maria Vianey (Campos) refletiu\u00a0 sobre o convite\u00a0 a ser feito \u00e0s pastorais ligadas \u00e0 educa\u00e7\u00e3o para um trabalho em parceria.\u201d\u00a0 Diante\u00a0 do vazio existencial , precisamos unir for\u00e7as em torno de uma vis\u00e3o\u00a0 geral do homem, em esp\u00edrito de parceria.\u00a0 As pastorais afins\u00a0 \u00e0 educa\u00e7\u00e3o\u00a0 s\u00e3o aliadas na cr\u00edtica e na constru\u00e7\u00e3o de uma cultura crist\u00e3, disse Dom Nelson.<\/p>\n<p>  <!--more-->  <\/p>\n<p style=\"text-align: justify\">A reuni\u00e3o com todos os Coordenadores de Pastorais ligadas \u00e0 educa\u00e7\u00e3o do Regional est\u00e1 agendada para o dia 10 de agosto.<\/p>\n","protected":false},"excerpt":{"rendered":"<p>O bispo auxiliar do Rio de Janeiro (RJ), dom Nelson Francelino, e referencial para a Pastoral da Educa\u00e7\u00e3o no Regional Leste 1 da CNBB (Rio de Janeiro), na \u00faltima reuni\u00e3o\u00a0 com os Coordenadores Diocesanos e Assessores Eclesi\u00e1sticos das 10 dioceses e a Administra\u00e7\u00e3o Apost\u00f3lica Pessoal S\u00e3o Jo\u00e3o Maria Vianey (Campos) refletiu\u00a0 sobre o convite\u00a0 a &hellip;<\/p>\n<p class=\"read-more\"> <a class=\"\" href=\"https:\/\/www.cnbb.org.br\/pastoral-da-educacao-do-regional-leste-1-convoca-mobilizacao\/\"> <span class=\"screen-reader-text\">Pastoral da Educa\u00e7\u00e3o do Regional Leste 1 convida pastorais ligadas  a educa\u00e7\u00e3o para um trabalho em parceria<\/span> Leia mais &raquo;<\/a><\/p>\n","protected":false},"author":83,"featured_media":0,"comment_status":"open","ping_status":"open","sticky":false,"template":"","format":"standard","meta":{"site-sidebar-layout":"default","site-content-layout":"default","ast-global-header-display":"","ast-banner-title-visibility":"","ast-main-header-display":"","ast-hfb-above-header-display":"","ast-hfb-below-header-display":"","ast-hfb-mobile-header-display":"","site-post-title":"","ast-breadcrumbs-content":"","ast-featured-img":"","footer-sml-layout":"","theme-transparent-header-meta":"","adv-header-id-meta":"","stick-header-meta":"","header-above-stick-meta":"","header-main-stick-meta":"","header-below-stick-meta":""},"categories":[787,769],"tags":[],"acf":[],"_links":{"self":[{"href":"https:\/\/www.cnbb.org.br\/cnbb-app\/wp\/v2\/posts\/21822"}],"collection":[{"href":"https:\/\/www.cnbb.org.br\/cnbb-app\/wp\/v2\/posts"}],"about":[{"href":"https:\/\/www.cnbb.org.br\/cnbb-app\/wp\/v2\/types\/post"}],"author":[{"embeddable":true,"href":"https:\/\/www.cnbb.org.br\/cnbb-app\/wp\/v2\/users\/83"}],"replies":[{"embeddable":true,"href":"https:\/\/www.cnbb.org.br\/cnbb-app\/wp\/v2\/comments?post=21822"}],"version-history":[{"count":0,"href":"https:\/\/www.cnbb.org.br\/cnbb-app\/wp\/v2\/posts\/21822\/revisions"}],"wp:attachment":[{"href":"https:\/\/www.cnbb.org.br\/cnbb-app\/wp\/v2\/media?parent=21822"}],"wp:term":[{"taxonomy":"category","embeddable":true,"href":"https:\/\/www.cnbb.org.br\/cnbb-app\/wp\/v2\/categories?post=21822"},{"taxonomy":"post_tag","embeddable":true,"href":"https:\/\/www.cnbb.org.br\/cnbb-app\/wp\/v2\/tags?post=21822"}],"curies":[{"name":"wp","href":"https:\/\/api.w.org\/{rel}","templated":true}]}}