{"id":21843,"date":"2013-02-04T00:00:00","date_gmt":"2013-02-04T02:00:00","guid":{"rendered":"https:\/\/www.cnbb.org.br\/mais-de-100-bispos-se-reunem-para-a-23o-edicao-do-curso-dos-bispos-no-rio-de-janeiro-rj\/"},"modified":"2013-02-04T00:00:00","modified_gmt":"2013-02-04T02:00:00","slug":"mais-de-100-bispos-se-reunem-para-a-23o-edicao-do-curso-dos-bispos-no-rio-de-janeiro-rj","status":"publish","type":"post","link":"https:\/\/www.cnbb.org.br\/mais-de-100-bispos-se-reunem-para-a-23o-edicao-do-curso-dos-bispos-no-rio-de-janeiro-rj\/","title":{"rendered":"Mais de 100 bispos se re\u00fanem para a 22\u00aa Edi\u00e7\u00e3o do Curso dos Bispos, no Rio de Janeiro (RJ)"},"content":{"rendered":"<p style=\"text-align: justify\">Teve in\u00edcio nesta segunda-feira, 4 de fevereiro, a 22\u00aa Edi\u00e7\u00e3o do Curso dos Bispos, tradicional encontro, promovido pela arquidiocese do Rio de Janeiro que ser\u00e1 realizado no\u00a0 Centro de Estudos e Forma\u00e7\u00e3o do Sumar\u00e9, no Rio Comprido. Dando continuidade \u00e0s abordagens de 2011 e 2012, o evento ter\u00e1 como tema principal os &#8220;Cinquenta anos ap\u00f3s o Conc\u00edlio Vaticano II &#8211; Liturgia, Miss\u00f5es e Leigos&#8221;. Mais de cem bispos de todo o Brasil j\u00e1 est\u00e3o inscritos.<\/p>\n<p><!--more--><\/p>\n<p style=\"text-align: justify\">O curso foi organizado pela primeira vez em 1990 pelo ent\u00e3o arcebispo, cardeal Eugenio Sales, como uma forma de proporcionar uma oportunidade de partilha e conviv\u00eancia.<\/p>\n<p style=\"text-align: justify\">O arcebispo do Rio de Janeiro, dom Orani Jo\u00e3o Tempesta, explicou que \u201ca arquidiocese do Rio tem uma tradi\u00e7\u00e3o, que vem desde a \u00e9poca do cardeal Eugenio Sales, de proporcionar no per\u00edodo de f\u00e9rias do in\u00edcio do ano um encontro para bispos, onde eles participam de confer\u00eancias, recebem orienta\u00e7\u00f5es, podem partilhar a vida e desfrutar de per\u00edodos de conviv\u00eancia, especialmente durante as visitas a diversos pontos da cidade. Percebemos que, cada vez mais, esse evento tem sido procurado e apreciado\u201d, avaliou.<\/p>\n<p style=\"text-align: justify\">Entre os palestrantes, est\u00e3o: o presidente do Pontif\u00edcio Conselho para os Leigos, cardeal Stanislaw Rylko; o prefeito da Congrega\u00e7\u00e3o para o Culto Divino e a Disciplina dos Sacramentos, cardeal Ant\u00f4nio Ca\u00f1izares; dom Ant\u00f4nio Staglian\u00f2, bispo de Noto (It\u00e1lia) e colaborador de dom Rino Fisichella (presidente do Pontif\u00edcio Conselho para a Promo\u00e7\u00e3o da Nova Evangeliza\u00e7\u00e3o); e Ana Cristina Villa Betancourt, membro do Pontif\u00edcio Conselho para os Leigos, respons\u00e1vel pela se\u00e7\u00e3o dedicada \u00e0 mulher.<\/p>\n<p style=\"text-align: justify\">Durante o curso, ser\u00e1 realizada visita a local espec\u00edfico da cidade do Rio de Janeiro. O bispo auxiliar em\u00e9rito da arquidiocese do Rio de Janeiro, dom Karl Josef Romer, acredita que o curso trar\u00e1 um novo entusiasmo para os mais de cem bispos inscritos, lembrando que o primeiro grande professor foi o ent\u00e3o cardeal Joseph Ratzinger, hoje Papa Bento XVI.<\/p>\n<p style=\"text-align: justify\">\u201cO curso para bispos, organizado pela arquidiocese do Rio de Janeiro e oferecido fraternalmente a todos os bispos do Brasil, teve como primeiro grande professor o, ent\u00e3o Cardeal, Joseph Ratzinger, hoje Papa Bento XVI (&#8230;) Penso que os bispos esperam com muita alegria, ali\u00e1s, j\u00e1 temos mais de cem inscri\u00e7\u00f5es para este curso, e temos a imensa esperan\u00e7a que vai ser um grande sucesso para o bem dos bispos e para o bem das dioceses, que receber\u00e3o de volta os bispos com novo entusiasmo e com nova clareza\u201d, afirmou dom Romer.<\/p>\n","protected":false},"excerpt":{"rendered":"<p>Teve in\u00edcio nesta segunda-feira, 4 de fevereiro, a 22\u00aa Edi\u00e7\u00e3o do Curso dos Bispos, tradicional encontro, promovido pela arquidiocese do Rio de Janeiro que ser\u00e1 realizado no\u00a0 Centro de Estudos e Forma\u00e7\u00e3o do Sumar\u00e9, no Rio Comprido. Dando continuidade \u00e0s abordagens de 2011 e 2012, o evento ter\u00e1 como tema principal os &#8220;Cinquenta anos ap\u00f3s &hellip;<\/p>\n<p class=\"read-more\"> <a class=\"\" href=\"https:\/\/www.cnbb.org.br\/mais-de-100-bispos-se-reunem-para-a-23o-edicao-do-curso-dos-bispos-no-rio-de-janeiro-rj\/\"> <span class=\"screen-reader-text\">Mais de 100 bispos se re\u00fanem para a 22\u00aa Edi\u00e7\u00e3o do Curso dos Bispos, no Rio de Janeiro (RJ)<\/span> Leia mais &raquo;<\/a><\/p>\n","protected":false},"author":83,"featured_media":21844,"comment_status":"open","ping_status":"open","sticky":false,"template":"","format":"standard","meta":{"site-sidebar-layout":"default","site-content-layout":"default","ast-global-header-display":"","ast-banner-title-visibility":"","ast-main-header-display":"","ast-hfb-above-header-display":"","ast-hfb-below-header-display":"","ast-hfb-mobile-header-display":"","site-post-title":"","ast-breadcrumbs-content":"","ast-featured-img":"","footer-sml-layout":"","theme-transparent-header-meta":"","adv-header-id-meta":"","stick-header-meta":"","header-above-stick-meta":"","header-main-stick-meta":"","header-below-stick-meta":""},"categories":[787,769],"tags":[],"acf":[],"_links":{"self":[{"href":"https:\/\/www.cnbb.org.br\/cnbb-app\/wp\/v2\/posts\/21843"}],"collection":[{"href":"https:\/\/www.cnbb.org.br\/cnbb-app\/wp\/v2\/posts"}],"about":[{"href":"https:\/\/www.cnbb.org.br\/cnbb-app\/wp\/v2\/types\/post"}],"author":[{"embeddable":true,"href":"https:\/\/www.cnbb.org.br\/cnbb-app\/wp\/v2\/users\/83"}],"replies":[{"embeddable":true,"href":"https:\/\/www.cnbb.org.br\/cnbb-app\/wp\/v2\/comments?post=21843"}],"version-history":[{"count":0,"href":"https:\/\/www.cnbb.org.br\/cnbb-app\/wp\/v2\/posts\/21843\/revisions"}],"wp:featuredmedia":[{"embeddable":true,"href":"https:\/\/www.cnbb.org.br\/cnbb-app\/wp\/v2\/media\/21844"}],"wp:attachment":[{"href":"https:\/\/www.cnbb.org.br\/cnbb-app\/wp\/v2\/media?parent=21843"}],"wp:term":[{"taxonomy":"category","embeddable":true,"href":"https:\/\/www.cnbb.org.br\/cnbb-app\/wp\/v2\/categories?post=21843"},{"taxonomy":"post_tag","embeddable":true,"href":"https:\/\/www.cnbb.org.br\/cnbb-app\/wp\/v2\/tags?post=21843"}],"curies":[{"name":"wp","href":"https:\/\/api.w.org\/{rel}","templated":true}]}}