{"id":21847,"date":"2013-02-22T00:00:00","date_gmt":"2013-02-22T03:00:00","guid":{"rendered":"https:\/\/www.cnbb.org.br\/pastoral-da-aids-do-regional-leste-1-realiza-retiro\/"},"modified":"2013-02-22T00:00:00","modified_gmt":"2013-02-22T03:00:00","slug":"pastoral-da-aids-do-regional-leste-1-realiza-retiro","status":"publish","type":"post","link":"https:\/\/www.cnbb.org.br\/pastoral-da-aids-do-regional-leste-1-realiza-retiro\/","title":{"rendered":"Pastoral da  Aids do Regional Leste 1 realiza retiro"},"content":{"rendered":"<p style=\"text-align: justify\">A Pastoral da Aids do Regional Leste 1 da CNBB (Rio de Janeiro), realizou no per\u00edodo de 15 a 17 de fevereiro, no Convento Madre Regina em Petr\u00f3polis (RJ), o Retiro anual para os Agentes e Coordenadores da Pastoral da Aids.<\/p>\n<p>  <!--more-->  <\/p>\n<p style=\"text-align: justify\">Este ano o retiro tratou do tema \u201cJesus Cristo Encarnado\u201d, ministrado pelo padre Marcos Beliz\u00e1rio Ferreira de S\u00e3o Conrado (RJ).<\/p>\n<p style=\"text-align: justify\">De acordo com o coordenador arquidiocesano da Pastoral da Aids no Rio de Janeiro, Geral Paiva, a participa\u00e7\u00e3o do padre Marcos \u201cfoi muito importante pois apontou sempre para o fortalecimento espiritual na pastoral, em fam\u00edlia e na sociedade\u201d. E acrescentou destacando que \u201c\u201desses dias de retiro foi muito bom para impulsionar a Pastoral da Aids na arquidiocese do Rio de Janeiro e fortalecer a import\u00e2ncia do trabalho pastoral para n\u00f3s e para nossos irm\u00e3os que nos espera\u201d, disse.<\/p>\n<p style=\"text-align: justify\">Estiveram presentes no retiro as dioceses de Niter\u00f3i, Duque de Caxias, S\u00e3o Jo\u00e3o de Meriti, Petr\u00f3polis, Nova Friburgo, Campos e Rio de Janeiro.<\/p>\n","protected":false},"excerpt":{"rendered":"<p>A Pastoral da Aids do Regional Leste 1 da CNBB (Rio de Janeiro), realizou no per\u00edodo de 15 a 17 de fevereiro, no Convento Madre Regina em Petr\u00f3polis (RJ), o Retiro anual para os Agentes e Coordenadores da Pastoral da Aids.<\/p>\n","protected":false},"author":83,"featured_media":21848,"comment_status":"open","ping_status":"open","sticky":false,"template":"","format":"standard","meta":{"site-sidebar-layout":"default","site-content-layout":"default","ast-global-header-display":"","ast-banner-title-visibility":"","ast-main-header-display":"","ast-hfb-above-header-display":"","ast-hfb-below-header-display":"","ast-hfb-mobile-header-display":"","site-post-title":"","ast-breadcrumbs-content":"","ast-featured-img":"","footer-sml-layout":"","theme-transparent-header-meta":"","adv-header-id-meta":"","stick-header-meta":"","header-above-stick-meta":"","header-main-stick-meta":"","header-below-stick-meta":""},"categories":[787,769],"tags":[],"acf":[],"_links":{"self":[{"href":"https:\/\/www.cnbb.org.br\/cnbb-app\/wp\/v2\/posts\/21847"}],"collection":[{"href":"https:\/\/www.cnbb.org.br\/cnbb-app\/wp\/v2\/posts"}],"about":[{"href":"https:\/\/www.cnbb.org.br\/cnbb-app\/wp\/v2\/types\/post"}],"author":[{"embeddable":true,"href":"https:\/\/www.cnbb.org.br\/cnbb-app\/wp\/v2\/users\/83"}],"replies":[{"embeddable":true,"href":"https:\/\/www.cnbb.org.br\/cnbb-app\/wp\/v2\/comments?post=21847"}],"version-history":[{"count":0,"href":"https:\/\/www.cnbb.org.br\/cnbb-app\/wp\/v2\/posts\/21847\/revisions"}],"wp:featuredmedia":[{"embeddable":true,"href":"https:\/\/www.cnbb.org.br\/cnbb-app\/wp\/v2\/media\/21848"}],"wp:attachment":[{"href":"https:\/\/www.cnbb.org.br\/cnbb-app\/wp\/v2\/media?parent=21847"}],"wp:term":[{"taxonomy":"category","embeddable":true,"href":"https:\/\/www.cnbb.org.br\/cnbb-app\/wp\/v2\/categories?post=21847"},{"taxonomy":"post_tag","embeddable":true,"href":"https:\/\/www.cnbb.org.br\/cnbb-app\/wp\/v2\/tags?post=21847"}],"curies":[{"name":"wp","href":"https:\/\/api.w.org\/{rel}","templated":true}]}}