{"id":21872,"date":"2013-11-25T00:00:00","date_gmt":"2013-11-25T02:00:00","guid":{"rendered":"https:\/\/www.cnbb.org.br\/renovacao-paroquial-e-juventude-sao-temas-da-assembleia-do-leste-1\/"},"modified":"2013-11-25T00:00:00","modified_gmt":"2013-11-25T02:00:00","slug":"renovacao-paroquial-e-juventude-sao-temas-da-assembleia-do-leste-1","status":"publish","type":"post","link":"https:\/\/www.cnbb.org.br\/renovacao-paroquial-e-juventude-sao-temas-da-assembleia-do-leste-1\/","title":{"rendered":"Renova\u00e7\u00e3o paroquial e juventude s\u00e3o temas da Assembleia do Leste 1"},"content":{"rendered":"<p style=\"text-align: justify\">A renova\u00e7\u00e3o das par\u00f3quias foi tema da Assembleia Pastoral do Regional Leste 1 da CNBB, realizada no Rio de Janeiro entre os dias 21 e 23 de novembro. Participaram do encontro os bispos das dioceses do Estado do Rio, os coordenadores regionais das pastorais que comp\u00f5em a comiss\u00e3o pastoral, presb\u00edteros e jovens convidados.<\/p>\n<p><!--more--><\/p>\n<p>&nbsp;<\/p>\n<p style=\"text-align: justify\">A a\u00e7\u00e3o pastoral com a juventude tamb\u00e9m esteve na pauta da Assembleia, colhendo os frutos da Jornada Mundial da Juventude Rio2013. Para o arcebispo do Rio e presidente do Regional, dom Orani Jo\u00e3o Tempesta, a escolha dos temas se deu ap\u00f3s consultas feitas aos bispos diocesanos e agentes do conselho pastoral. &#8220;A necessidade de se repensar o modelo de par\u00f3quia que temos hoje se d\u00e1, especialmente, porque a CNBB, desde a Assembleia Geral passada, est\u00e1 discutindo este tema, e pede a colabora\u00e7\u00e3o de todas as dioceses e regionais. E a juventude \u00e9 uma tem\u00e1tica importante porque estamos no Ano da Juventude, e nos perguntamos como continuar com entusiasmo as atividades depois da Jornada, para que haja continuidade no protagonismo dos jovens na Igreja\u201d.<\/p>\n<p style=\"text-align: justify\">Para falar sobre a tem\u00e1tica da renova\u00e7\u00e3o paroquial, foi convidado o bispo de Uni\u00e3o da Vit\u00f3ria (PR), dom Jo\u00e3o Bosco Barbosa de Souza. J\u00e1 para o tema juventude, o assessor foi o bispo auxiliar do Rio, dom Nelson Francelino Ferreira. Integram o Regional Leste 1 as arquidioceses do Rio e de Niter\u00f3i, as dioceses de Itagua\u00ed, Caxias, Nova Igua\u00e7u, Valen\u00e7a, Barra do Pira\u00ed-Volta Redonda, Petr\u00f3polis, Nova Friburgo, Campos e a Administra\u00e7\u00e3o Apost\u00f3lica S\u00e3o Jo\u00e3o Maria Vianney.<\/p>\n<div style=\"text-align: justify\"><\/div>\n","protected":false},"excerpt":{"rendered":"<p>A renova\u00e7\u00e3o das par\u00f3quias foi tema da Assembleia Pastoral do Regional Leste 1 da CNBB, realizada no Rio de Janeiro entre os dias 21 e 23 de novembro. Participaram do encontro os bispos das dioceses do Estado do Rio, os coordenadores regionais das pastorais que comp\u00f5em a comiss\u00e3o pastoral, presb\u00edteros e jovens convidados.<\/p>\n","protected":false},"author":83,"featured_media":21873,"comment_status":"open","ping_status":"open","sticky":false,"template":"","format":"standard","meta":{"site-sidebar-layout":"default","site-content-layout":"default","ast-global-header-display":"","ast-banner-title-visibility":"","ast-main-header-display":"","ast-hfb-above-header-display":"","ast-hfb-below-header-display":"","ast-hfb-mobile-header-display":"","site-post-title":"","ast-breadcrumbs-content":"","ast-featured-img":"","footer-sml-layout":"","theme-transparent-header-meta":"","adv-header-id-meta":"","stick-header-meta":"","header-above-stick-meta":"","header-main-stick-meta":"","header-below-stick-meta":""},"categories":[787,769],"tags":[],"acf":[],"_links":{"self":[{"href":"https:\/\/www.cnbb.org.br\/cnbb-app\/wp\/v2\/posts\/21872"}],"collection":[{"href":"https:\/\/www.cnbb.org.br\/cnbb-app\/wp\/v2\/posts"}],"about":[{"href":"https:\/\/www.cnbb.org.br\/cnbb-app\/wp\/v2\/types\/post"}],"author":[{"embeddable":true,"href":"https:\/\/www.cnbb.org.br\/cnbb-app\/wp\/v2\/users\/83"}],"replies":[{"embeddable":true,"href":"https:\/\/www.cnbb.org.br\/cnbb-app\/wp\/v2\/comments?post=21872"}],"version-history":[{"count":0,"href":"https:\/\/www.cnbb.org.br\/cnbb-app\/wp\/v2\/posts\/21872\/revisions"}],"wp:featuredmedia":[{"embeddable":true,"href":"https:\/\/www.cnbb.org.br\/cnbb-app\/wp\/v2\/media\/21873"}],"wp:attachment":[{"href":"https:\/\/www.cnbb.org.br\/cnbb-app\/wp\/v2\/media?parent=21872"}],"wp:term":[{"taxonomy":"category","embeddable":true,"href":"https:\/\/www.cnbb.org.br\/cnbb-app\/wp\/v2\/categories?post=21872"},{"taxonomy":"post_tag","embeddable":true,"href":"https:\/\/www.cnbb.org.br\/cnbb-app\/wp\/v2\/tags?post=21872"}],"curies":[{"name":"wp","href":"https:\/\/api.w.org\/{rel}","templated":true}]}}