{"id":21876,"date":"2014-05-30T00:00:00","date_gmt":"2014-05-30T03:00:00","guid":{"rendered":"https:\/\/www.cnbb.org.br\/forum-reune-mais-de-300-lideres-de-pastorais-e-movimentos-sociais\/"},"modified":"2014-05-30T00:00:00","modified_gmt":"2014-05-30T03:00:00","slug":"forum-reune-mais-de-300-lideres-de-pastorais-e-movimentos-sociais","status":"publish","type":"post","link":"https:\/\/www.cnbb.org.br\/forum-reune-mais-de-300-lideres-de-pastorais-e-movimentos-sociais\/","title":{"rendered":"F\u00f3rum re\u00fane mais de 300 l\u00edderes de Pastorais e Movimentos Sociais"},"content":{"rendered":"<p style=\"text-align: justify\"><span style=\"line-height: 1.3em\">A diocese de Barra do Pira\u00ed-Volta Redonda (RJ) realizou, no dia 24, o primeiro F\u00f3rum das Pastorais Sociais e dos Movimentos Sociais. Mais de 300 l\u00edderes estiveram presentes no encontro que aconteceu no Centro de Conven\u00e7\u00f5es da par\u00f3quia Santa Cec\u00edlia, em Volta Redonda (RJ).<\/span><\/p>\n<p><!--more--><\/p>\n<p style=\"text-align: justify\"><span style=\"line-height: 1.3em\">O assessor da Comiss\u00e3o Episcopal para o Servi\u00e7o da Caridade da Justi\u00e7a e da Paz da Confer\u00eancia Nacional dos Bispos do Brasil (CNBB), padre Nelito Dornelas, conduziu o evento.<\/span><\/p>\n<p style=\"text-align: justify\">Duas etapas precederam o F\u00f3rum Diocesano. Nos meses de mar\u00e7o e abril, as paroquias e regi\u00f5es pastorais, respectivamente, levantaram as demandas sociais, as situa\u00e7\u00f5es de vulnerabilidade da popula\u00e7\u00e3o, al\u00e9m das atividades desenvolvidas pela Igreja, organiza\u00e7\u00f5es sociais e poder p\u00fablico.<\/p>\n<p style=\"text-align: justify\">A partir das reflex\u00f5es das etapas iniciais, foi estabelecida uma metodologia participativa por meio da qual se chegou a um diagn\u00f3stico \u201camplo da realidade diocesana\u201d. Assessores e especialistas apoiaram a an\u00e1lise em itens como seguran\u00e7a p\u00fablica, transporte, lazer, educa\u00e7\u00e3o, sa\u00fade, saneamento, emprego, mobilidade urbana, migra\u00e7\u00e3o, meio ambiente e vulnerabilidade social.<\/p>\n<p style=\"text-align: justify\">O bispo de Barra do Pira\u00ed-Volta Redonda (RJ), dom Francesco Biasin, e outros membros da coordena\u00e7\u00e3o diocesana da dimens\u00e3o s\u00f3cio-transformadora, acompanhou as atividades.<\/p>\n<p style=\"text-align: justify\">Grupos de assist\u00eancia social das comunidades e par\u00f3quias que trabalham na aten\u00e7\u00e3o b\u00e1sica aos mais pobres e vulner\u00e1veis e as pastorais e movimentos que t\u00eam atua\u00e7\u00e3o direta na pol\u00edtica, com participa\u00e7\u00e3o das reivindica\u00e7\u00f5es de direitos e nos conselhos de cidadania estiveram presentes nas tr\u00eas etapas do f\u00f3rum.<\/p>\n","protected":false},"excerpt":{"rendered":"<p>A diocese de Barra do Pira\u00ed-Volta Redonda (RJ) realizou, no dia 24, o primeiro F\u00f3rum das Pastorais Sociais e dos Movimentos Sociais. Mais de 300 l\u00edderes estiveram presentes no encontro que aconteceu no Centro de Conven\u00e7\u00f5es da par\u00f3quia Santa Cec\u00edlia, em Volta Redonda (RJ).<\/p>\n","protected":false},"author":83,"featured_media":21877,"comment_status":"open","ping_status":"open","sticky":false,"template":"","format":"standard","meta":{"site-sidebar-layout":"default","site-content-layout":"default","ast-global-header-display":"","ast-banner-title-visibility":"","ast-main-header-display":"","ast-hfb-above-header-display":"","ast-hfb-below-header-display":"","ast-hfb-mobile-header-display":"","site-post-title":"","ast-breadcrumbs-content":"","ast-featured-img":"","footer-sml-layout":"","theme-transparent-header-meta":"","adv-header-id-meta":"","stick-header-meta":"","header-above-stick-meta":"","header-main-stick-meta":"","header-below-stick-meta":""},"categories":[787,769],"tags":[],"acf":[],"_links":{"self":[{"href":"https:\/\/www.cnbb.org.br\/cnbb-app\/wp\/v2\/posts\/21876"}],"collection":[{"href":"https:\/\/www.cnbb.org.br\/cnbb-app\/wp\/v2\/posts"}],"about":[{"href":"https:\/\/www.cnbb.org.br\/cnbb-app\/wp\/v2\/types\/post"}],"author":[{"embeddable":true,"href":"https:\/\/www.cnbb.org.br\/cnbb-app\/wp\/v2\/users\/83"}],"replies":[{"embeddable":true,"href":"https:\/\/www.cnbb.org.br\/cnbb-app\/wp\/v2\/comments?post=21876"}],"version-history":[{"count":0,"href":"https:\/\/www.cnbb.org.br\/cnbb-app\/wp\/v2\/posts\/21876\/revisions"}],"wp:featuredmedia":[{"embeddable":true,"href":"https:\/\/www.cnbb.org.br\/cnbb-app\/wp\/v2\/media\/21877"}],"wp:attachment":[{"href":"https:\/\/www.cnbb.org.br\/cnbb-app\/wp\/v2\/media?parent=21876"}],"wp:term":[{"taxonomy":"category","embeddable":true,"href":"https:\/\/www.cnbb.org.br\/cnbb-app\/wp\/v2\/categories?post=21876"},{"taxonomy":"post_tag","embeddable":true,"href":"https:\/\/www.cnbb.org.br\/cnbb-app\/wp\/v2\/tags?post=21876"}],"curies":[{"name":"wp","href":"https:\/\/api.w.org\/{rel}","templated":true}]}}