{"id":21886,"date":"2015-01-22T00:00:00","date_gmt":"2015-01-22T02:00:00","guid":{"rendered":"https:\/\/www.cnbb.org.br\/nuncio-apostolico-visita-diocese-de-nova-friburgo\/"},"modified":"2015-01-22T00:00:00","modified_gmt":"2015-01-22T02:00:00","slug":"nuncio-apostolico-visita-diocese-de-nova-friburgo","status":"publish","type":"post","link":"https:\/\/www.cnbb.org.br\/nuncio-apostolico-visita-diocese-de-nova-friburgo\/","title":{"rendered":"N\u00fancio Apost\u00f3lico visita diocese de Nova Friburgo"},"content":{"rendered":"<p style=\"text-align: justify\"><span style=\"line-height: 1.3em\">Por iniciativa do bispo diocesano de Nova Friburgo (RJ), dom Edney Gouv\u00eaa Mattoso, de 23 a 25 de janeiro a cidade receber\u00e1 a visita do N\u00fancio Apost\u00f3lico, dom Giovanni D\u2019Adniello. O representante do papa Francisco no Brasil visitar\u00e1 alguns munic\u00edpios do territ\u00f3rio diocesano e participar\u00e1 de eventos, al\u00e9m de missas; encontros com sacerdotes, religiosos e leigos; e inaugura\u00e7\u00f5es. \u00c9 a primeira vez que a diocese receber\u00e1 a visita de dom Giovanni.<\/span><\/p>\n<p><!--more--><\/p>\n<p style=\"text-align: justify\"><span style=\"line-height: 1.3em\">\u201cA ideia do convite surgiu do nosso bispo, pois \u00e9 de praxe que eles convidem ao representante do papa no pa\u00eds para conhecer as dioceses e viver uma experi\u00eancia de f\u00e9 com o povo, para o qual foi enviado. O objetivo \u00e9 transmitir ao N\u00fancio a nossa irrestrita e filiar ades\u00e3o ao papa Francisco, seu minist\u00e9rio petrino e magist\u00e9rio, assim como o de celebrar o Ano Eucar\u00edstico Mission\u00e1rio com a nossa a\u00e7\u00e3o de gra\u00e7as pelos 145 anos da Catedral de S\u00e3o Jo\u00e3o Batista\u201d, explicou o vig\u00e1rio geral e p\u00e1roco da Catedral Diocesana de S\u00e3o Jo\u00e3o Batista, Pe. Marcus Vinicius Macedo.<\/span><\/p>\n<p style=\"text-align: justify\">Padre Marcus tamb\u00e9m lembra a \u00faltima vez que a diocese recebeu a visita de um N\u00fancio. \u201cFoi em 2010, por ocasi\u00e3o da posse can\u00f4nica de dom Edney. Foi uma verdadeira defer\u00eancia do antigo N\u00fancio Apost\u00f3lico para com o bispo, mas \u00e9 a primeira vez que nossa diocese recebe a dom Giovanni D\u00b4Aniello, que celebrar\u00e1 nos tr\u00eas Vicariatos. Esta visita \u00e9 de grande import\u00e2ncia, uma vez que traduziremos ao representante do papa o nosso caminhar de f\u00e9, miss\u00e3o e as riquezas da Diocese que foram se formando ao longo desses 55 anos de exist\u00eancia\u201d, disse o sacerdote.<\/p>\n<p style=\"text-align: justify\">Ainda de acordo com o padre, as expectativas s\u00e3o grandes e entusiastas. \u201cOs fi\u00e9is da Catedral aguardam com viva emo\u00e7\u00e3o o dia 25 de janeiro, \u00e0s 19h, quando o N\u00fancio Apost\u00f3lico inaugurar\u00e1 as obras no templo e n\u00e3o podemos deixar de mencionar que ele aben\u00e7oar\u00e1 as novas instala\u00e7\u00f5es do Ambulat\u00f3rio Bento XVI, com sete consult\u00f3rios e o dispens\u00e1rio de medicamentos. Ser\u00e1 um dia de profunda a\u00e7\u00e3o de gra\u00e7as\u201d, finalizou padre Marcus.<\/p>\n<p style=\"text-align: justify\"><strong>N\u00fancio Apost\u00f3lico<\/strong><\/p>\n<p style=\"text-align: justify\">O N\u00fancio Apost\u00f3lico tem dupla miss\u00e3o num pa\u00eds. A primeira consiste em representar o Romano Pont\u00edfice e a Santa S\u00e9 diante da Rep\u00fablica Federativa do Brasil, onde por conven\u00e7\u00e3o diplom\u00e1tica ele \u00e9 o decano do Corpo Diplom\u00e1tico acreditado junto ao governo, isto \u00e9, ele sempre ser\u00e1 o encarregado de transmitir \u00e0 Presid\u00eancia da Rep\u00fablica as inquieta\u00e7\u00f5es da comunidade internacional com a referida na\u00e7\u00e3o. A segunda \u00e9 de car\u00e1ter pastoral, cuja tarefa \u00e9 transmitir a cercania e solicitude do Santo Padre para com todas as dioceses do Brasil e o desenvolvimento das mesmas. Ele tamb\u00e9m \u00e9 respons\u00e1vel de indicar ao papa a nomea\u00e7\u00e3o dos bispos.<\/p>\n<p style=\"text-align: justify\">No dia 10 de fevereiro de 2012 o ent\u00e3o papa Bento XVI anunciou dom Giovanni D\u2019Aniello como o novo N\u00fancio Apost\u00f3lico do Brasil. Anteriormente, dom Giovanni atuava como N\u00fancio da Tail\u00e2ndia e Camboja e Delegado Apost\u00f3lico em Myanmar e Laos.<\/p>\n<p style=\"text-align: justify\">Dom Giovanni nasceu em Aversa (It\u00e1lia) e foi ordenado sacerdote em dezembro de 1978. \u00c9 doutor em Direito Can\u00f4nico e ingressou no Servi\u00e7o Diplom\u00e1tico da Santa S\u00e9 em 1983, tendo desempenhado a sua atividade junto \u00e0s Representa\u00e7\u00f5es Pontif\u00edcias do Burundi, Tail\u00e2ndia, L\u00edbano, Brasil e Se\u00e7\u00e3o para as Rela\u00e7\u00f5es com os Estados da Secretaria de Estado, no Vaticano. Foi nomeado N\u00fancio Apost\u00f3lico na Rep\u00fablica Democr\u00e1tica do Congo, em 2001, e em 2010, foi transferido para a Tail\u00e2ndia e Camboja.<\/p>\n<p><span style=\"font-size: xx-small\"><strong><em>Com informa\u00e7\u00f5es da diocese de Nova Friburgo<\/em><\/strong><\/span><\/p>\n","protected":false},"excerpt":{"rendered":"<p>Por iniciativa do bispo diocesano de Nova Friburgo (RJ), dom Edney Gouv\u00eaa Mattoso, de 23 a 25 de janeiro a cidade receber\u00e1 a visita do N\u00fancio Apost\u00f3lico, dom Giovanni D\u2019Adniello. O representante do papa Francisco no Brasil visitar\u00e1 alguns munic\u00edpios do territ\u00f3rio diocesano e participar\u00e1 de eventos, al\u00e9m de missas; encontros com sacerdotes, religiosos e &hellip;<\/p>\n<p class=\"read-more\"> <a class=\"\" href=\"https:\/\/www.cnbb.org.br\/nuncio-apostolico-visita-diocese-de-nova-friburgo\/\"> <span class=\"screen-reader-text\">N\u00fancio Apost\u00f3lico visita diocese de Nova Friburgo<\/span> Leia mais &raquo;<\/a><\/p>\n","protected":false},"author":83,"featured_media":21887,"comment_status":"open","ping_status":"open","sticky":false,"template":"","format":"standard","meta":{"site-sidebar-layout":"default","site-content-layout":"default","ast-global-header-display":"","ast-banner-title-visibility":"","ast-main-header-display":"","ast-hfb-above-header-display":"","ast-hfb-below-header-display":"","ast-hfb-mobile-header-display":"","site-post-title":"","ast-breadcrumbs-content":"","ast-featured-img":"","footer-sml-layout":"","theme-transparent-header-meta":"","adv-header-id-meta":"","stick-header-meta":"","header-above-stick-meta":"","header-main-stick-meta":"","header-below-stick-meta":""},"categories":[787,769],"tags":[],"acf":[],"_links":{"self":[{"href":"https:\/\/www.cnbb.org.br\/cnbb-app\/wp\/v2\/posts\/21886"}],"collection":[{"href":"https:\/\/www.cnbb.org.br\/cnbb-app\/wp\/v2\/posts"}],"about":[{"href":"https:\/\/www.cnbb.org.br\/cnbb-app\/wp\/v2\/types\/post"}],"author":[{"embeddable":true,"href":"https:\/\/www.cnbb.org.br\/cnbb-app\/wp\/v2\/users\/83"}],"replies":[{"embeddable":true,"href":"https:\/\/www.cnbb.org.br\/cnbb-app\/wp\/v2\/comments?post=21886"}],"version-history":[{"count":0,"href":"https:\/\/www.cnbb.org.br\/cnbb-app\/wp\/v2\/posts\/21886\/revisions"}],"wp:featuredmedia":[{"embeddable":true,"href":"https:\/\/www.cnbb.org.br\/cnbb-app\/wp\/v2\/media\/21887"}],"wp:attachment":[{"href":"https:\/\/www.cnbb.org.br\/cnbb-app\/wp\/v2\/media?parent=21886"}],"wp:term":[{"taxonomy":"category","embeddable":true,"href":"https:\/\/www.cnbb.org.br\/cnbb-app\/wp\/v2\/categories?post=21886"},{"taxonomy":"post_tag","embeddable":true,"href":"https:\/\/www.cnbb.org.br\/cnbb-app\/wp\/v2\/tags?post=21886"}],"curies":[{"name":"wp","href":"https:\/\/api.w.org\/{rel}","templated":true}]}}