{"id":21888,"date":"2015-01-27T00:00:00","date_gmt":"2015-01-27T02:00:00","guid":{"rendered":"https:\/\/www.cnbb.org.br\/rio-de-janeiro-sedia-curso-para-os-bispos\/"},"modified":"2015-01-27T00:00:00","modified_gmt":"2015-01-27T02:00:00","slug":"rio-de-janeiro-sedia-curso-para-os-bispos","status":"publish","type":"post","link":"https:\/\/www.cnbb.org.br\/rio-de-janeiro-sedia-curso-para-os-bispos\/","title":{"rendered":"Rio de Janeiro sedia Curso para os Bispos"},"content":{"rendered":"<p style=\"text-align: justify\"><span style=\"font-size: 12.1599998474121px;line-height: 1.3em\">A arquidiocese do Rio de Janeiro (RJ) iniciou na segunda-feira, dia 26, mais uma edi\u00e7\u00e3o do Curso para os Bispos, realizado no Centro de Forma\u00e7\u00e3o do Sumar\u00e9. At\u00e9 sexta-feira, dia 30, bispos de v\u00e1rias regi\u00f5es do Brasil concluem as reflex\u00f5es sobre os documentos relacionados ao Conc\u00edlio Vaticano II iniciadas em 2011.<\/span><\/p>\n<p><!--more--><\/p>\n<p style=\"text-align: justify\"><span style=\"font-size: 12.1599998474121px;line-height: 1.3em\">O curso trata do relacionamento da Igreja Cat\u00f3lica com as outras religi\u00f5es, da comunica\u00e7\u00e3o e da liberdade religiosa. Assessoram a forma\u00e7\u00e3o como conferencistas o prefeito da Congrega\u00e7\u00e3o para Causa dos Santos do Vaticano, cardeal Angelo Amato, e o presidente do Pontif\u00edcio Conselho para as Comunica\u00e7\u00f5es Sociais, dom Claudio Maria Celli.<\/span><\/p>\n<p style=\"text-align: justify\">A cerim\u00f4nia de abertura teve a presen\u00e7a do n\u00fancio apost\u00f3lico no Brasil, dom Giovanni d\u2019Aniello; do arcebispo de S\u00e3o Paulo (SP) e presidente do regional Sul 1 da Confer\u00eancia Nacional dos Bispos do Brasil (CNBB), cardeal Odilo Pedro Scherer; e dos conferencistas do curso. Eles foram recebidos pelo arcebispo do Rio de Janeiro (RJ) e presidente do regional Leste 1 da CNBB, cardeal Orani Jo\u00e3o Tempesta, o qual destacou o car\u00e1ter do curso como \u201ctempo de encontro, reflex\u00e3o, partilha e descanso\u201d.<\/p>\n<p style=\"text-align: justify\">Al\u00e9m de Dom Orani, estavam presentes na cerim\u00f4nia de abertura o n\u00fancio apost\u00f3lico Dom Giovanni d\u2019Aniello, o arcebispo de S\u00e3o Paulo, Cardeal Odilo Pedro Scherer e os conferencistas Cardeal Angelo Amato, prefeito da Congrega\u00e7\u00e3o da Causa do Santos, no Vaticano, o arcebispo\u00a0 Claudio Maria Celli, presidente do Pontif\u00edcio Conselho para as Comunica\u00e7\u00f5es Sociais e monsenhor Pierangelo Sequeri, professor da Universidade de Mil\u00e3o.<\/p>\n<p style=\"text-align: justify\"><img decoding=\"async\" loading=\"lazy\" class=\" alignright size-full wp-image-24644\" style=\"float: right\" title=\"Foto: Gustavo Oliveira\/ArqRio\" src=\"https:\/\/www.cnbb.org.br\/wp-content\/uploads\/2020\/03\/CursoBispos2015_RJ-350x233-1.jpg\" alt=\"Foto: Gustavo Oliveira\/ArqRio\" width=\"152\" height=\"101\" border=\"0\" \/>Nesta ter\u00e7a-feira, o cardeal Angelo Amato ministrou a palestra \u201cA declara\u00e7\u00e3o Dominus Iesus da Congrega\u00e7\u00e3o para a Doutrina da F\u00e9 nos quinze anos de sua publica\u00e7\u00e3o\u201d. O documento foi publicado em 2000, na \u00e9poca em que o prefeito da Congrega\u00e7\u00e3o era o ent\u00e3o cardeal Joseph Ratzinger. Para o cardeal Amato, a Declara\u00e7\u00e3o \u201creafirmava a plenitude e a definibilidade da revela\u00e7\u00e3o de Jesus Cristo, contra as teorias da complementaridade de revela\u00e7\u00f5es n\u00e3o crist\u00e3s\u201d.<\/p>\n<p style=\"text-align: justify\">\n","protected":false},"excerpt":{"rendered":"<p>A arquidiocese do Rio de Janeiro (RJ) iniciou na segunda-feira, dia 26, mais uma edi\u00e7\u00e3o do Curso para os Bispos, realizado no Centro de Forma\u00e7\u00e3o do Sumar\u00e9. At\u00e9 sexta-feira, dia 30, bispos de v\u00e1rias regi\u00f5es do Brasil concluem as reflex\u00f5es sobre os documentos relacionados ao Conc\u00edlio Vaticano II iniciadas em 2011.<\/p>\n","protected":false},"author":83,"featured_media":21889,"comment_status":"open","ping_status":"open","sticky":false,"template":"","format":"standard","meta":{"site-sidebar-layout":"default","site-content-layout":"default","ast-global-header-display":"","ast-banner-title-visibility":"","ast-main-header-display":"","ast-hfb-above-header-display":"","ast-hfb-below-header-display":"","ast-hfb-mobile-header-display":"","site-post-title":"","ast-breadcrumbs-content":"","ast-featured-img":"","footer-sml-layout":"","theme-transparent-header-meta":"","adv-header-id-meta":"","stick-header-meta":"","header-above-stick-meta":"","header-main-stick-meta":"","header-below-stick-meta":""},"categories":[787,769],"tags":[],"acf":[],"_links":{"self":[{"href":"https:\/\/www.cnbb.org.br\/cnbb-app\/wp\/v2\/posts\/21888"}],"collection":[{"href":"https:\/\/www.cnbb.org.br\/cnbb-app\/wp\/v2\/posts"}],"about":[{"href":"https:\/\/www.cnbb.org.br\/cnbb-app\/wp\/v2\/types\/post"}],"author":[{"embeddable":true,"href":"https:\/\/www.cnbb.org.br\/cnbb-app\/wp\/v2\/users\/83"}],"replies":[{"embeddable":true,"href":"https:\/\/www.cnbb.org.br\/cnbb-app\/wp\/v2\/comments?post=21888"}],"version-history":[{"count":0,"href":"https:\/\/www.cnbb.org.br\/cnbb-app\/wp\/v2\/posts\/21888\/revisions"}],"wp:featuredmedia":[{"embeddable":true,"href":"https:\/\/www.cnbb.org.br\/cnbb-app\/wp\/v2\/media\/21889"}],"wp:attachment":[{"href":"https:\/\/www.cnbb.org.br\/cnbb-app\/wp\/v2\/media?parent=21888"}],"wp:term":[{"taxonomy":"category","embeddable":true,"href":"https:\/\/www.cnbb.org.br\/cnbb-app\/wp\/v2\/categories?post=21888"},{"taxonomy":"post_tag","embeddable":true,"href":"https:\/\/www.cnbb.org.br\/cnbb-app\/wp\/v2\/tags?post=21888"}],"curies":[{"name":"wp","href":"https:\/\/api.w.org\/{rel}","templated":true}]}}