{"id":21919,"date":"2016-05-11T00:00:00","date_gmt":"2016-05-11T03:00:00","guid":{"rendered":"https:\/\/www.cnbb.org.br\/regional-leste-1-divulga-carta-sobre-momento-atual-no-rio-de-janeiro\/"},"modified":"2016-05-11T00:00:00","modified_gmt":"2016-05-11T03:00:00","slug":"regional-leste-1-divulga-carta-sobre-momento-atual-no-rio-de-janeiro","status":"publish","type":"post","link":"https:\/\/www.cnbb.org.br\/regional-leste-1-divulga-carta-sobre-momento-atual-no-rio-de-janeiro\/","title":{"rendered":"Regional Leste 1 divulga carta sobre momento atual no Rio de Janeiro"},"content":{"rendered":"<p style=\"text-align: justify\">Na carta, bispos denominam situa\u00e7\u00e3o como cat\u00e1strofe social<\/p>\n<p>  <!--more-->  <\/p>\n<p style=\"text-align: justify\">\n<p style=\"font-size: 12.16px;line-height: 15.808px;text-align: justify\">Os bispos do regional Leste 1 da Confer\u00eancia Nacional dos Bispos do Brasil (CNBB), que compreende o\u00a0Rio de Janeiro, divulgaram carta sobre o\u00a0momento atual do estado. &#8220;M<span style=\"font-size: 12.16px;line-height: 15.808px\">anifestamos nossa ang\u00fastia diante das in\u00fameras formas de sofrimento humano pelas quais a popula\u00e7\u00e3o do Estado vive atualmente. Como pastores, n\u00e3o podemos deixar de nos sentir afetados pelas l\u00e1grimas que brotam de tantas situa\u00e7\u00f5es prec\u00e1rias que atingem, entre outras, as \u00e1reas da sa\u00fade, educa\u00e7\u00e3o, alimenta\u00e7\u00e3o, seguran\u00e7a, moradia, emprego, n\u00e3o recebimento de sal\u00e1rios e aposentadorias&#8221;, manifestaram os bispos.<\/span><\/p>\n<p style=\"font-size: 12.16px;line-height: 15.808px;text-align: justify\"><span style=\"font-size: 12.16px;line-height: 15.808px\">No texto, assinado pelo arcebispo do Rio de Janeiro (RJ) e presidente do regional Leste 1 da CNBB, cardeal Orani Jo\u00e3o Tempesta, os prelados exortam aqueles que &#8220;mais diretamente t<\/span><span style=\"font-size: 12.16px;line-height: 15.808px\">\u00eam a responsabilidade de encontrar com rapidez solu\u00e7\u00f5es estruturais para a triste realidade&#8221; que atinge a popula\u00e7\u00e3o fluminense. Para isso, os bispos pedem que\u00a0<\/span><span style=\"font-size: 12.16px;line-height: 15.808px\">seja o empenho de pessoas e institui\u00e7\u00f5es seja\u00a0&#8220;sempre marcado pela paz, pelo di\u00e1logo e pela colabora\u00e7\u00e3o m\u00fatua, em busca do bem comum&#8221;.<\/span><\/p>\n<p style=\"text-align: justify\">Diante da crise econ\u00f4mica no estado,\u00a0que atinge, entre outras, as \u00e1reas da sa\u00fade, educa\u00e7\u00e3o, alimenta\u00e7\u00e3o, seguran\u00e7a, moradia\u00a0e\u00a0emprego, al\u00e9m de comprometer o recebimento de sal\u00e1rios e aposentadorias, os bispos denominam a situa\u00e7\u00e3o como<span style=\"font-size: 12.16px;line-height: 15.808px\">\u00a0&#8220;<\/span><span style=\"font-size: 12.16px;line-height: 15.808px\">cat\u00e1strofe social&#8221;.<\/span><\/p>\n<p style=\"text-align: justify\"><span style=\"font-size: 12.16px;line-height: 15.808px\">Leia a carta na \u00edntegra:<\/span><\/p>\n<p style=\"text-align: justify\">\u00a0<\/p>\n<address style=\"text-align: justify\">Queridos irm\u00e3os e irm\u00e3s do Estado do Rio de Janeiro,<\/address>\n<address style=\"text-align: justify\">\u00a0<\/address>\n<address style=\"text-align: justify\">A dor de qualquer ser humano clama a Deus e onera a consci\u00eancia de quem se deseja humano.<\/address>\n<address style=\"text-align: justify\">\u00a0<\/address>\n<address style=\"text-align: justify\">N\u00f3s, bispos do Regional Leste 1, que abrange as dioceses do Estado do Rio de Janeiro, movidos pela F\u00e9 e pela Esperan\u00e7a, manifestamos nossa ang\u00fastia diante das in\u00fameras formas de sofrimento humano pelas quais a popula\u00e7\u00e3o do Estado vive atualmente. Como pastores, n\u00e3o podemos deixar de nos sentir afetados pelas l\u00e1grimas que brotam de tantas situa\u00e7\u00f5es prec\u00e1rias que atingem, entre outras, as \u00e1reas da sa\u00fade, educa\u00e7\u00e3o, alimenta\u00e7\u00e3o, seguran\u00e7a, moradia, emprego, n\u00e3o recebimento de sal\u00e1rios e aposentadorias.<\/address>\n<address style=\"text-align: justify\">Neste sentido, n\u00e3o podemos deixar de exortar os que mais diretamente t\u00eam a responsabilidade de encontrar com rapidez solu\u00e7\u00f5es estruturais para a triste realidade que atinge nossa gente. Investidos no poder p\u00fablico em seus diversos \u00e2mbitos, t\u00eam diante de si, a responsabilidade moral e legal de buscar solu\u00e7\u00f5es, devendo faz\u00ea-lo atrav\u00e9s da uni\u00e3o de for\u00e7as, do di\u00e1logo e tamb\u00e9m da criatividade, dentro do esp\u00edrito democr\u00e1tico e pac\u00edfico que marca nossa na\u00e7\u00e3o.<\/address>\n<address style=\"text-align: justify\">\u00a0<\/address>\n<address style=\"text-align: justify\">Em momentos de grandes dores, podemos nos fechar em embates te\u00f3ricos ou ideol\u00f3gicos, correndo at\u00e9 mesmo o risco de nos envolvermos em posturas que ultrapassem os limites do bom senso, ingressando nas raias da viol\u00eancia. Por isso, clamamos para que o empenho de cada um, desde o n\u00edvel pessoal at\u00e9 o institucional, seja sempre marcado pela paz, pelo di\u00e1logo e pela colabora\u00e7\u00e3o m\u00fatua, em busca do bem comum.<\/address>\n<address style=\"text-align: justify\">\u00a0<\/address>\n<address style=\"text-align: justify\">Reconhecemos, em tudo isso, uma situa\u00e7\u00e3o que n\u00e3o podemos deixar de denominar como cat\u00e1strofe social. O n\u00famero de pessoas atingidas nos habilita a assim considerar o quadro que se apresenta diante de n\u00f3s. Interpelados pelo Deus de Justi\u00e7a, n\u00e3o podemos permanecer de bra\u00e7os cruzados e insens\u00edveis \u00e0 dor de qualquer ser humano. Temos consci\u00eancia de muitas das causas da atual situa\u00e7\u00e3o, clamamos por sua supera\u00e7\u00e3o e consideramos urgente que se olhe para as conseq\u00fc\u00eancias que ferem a dignidade dos filhos e filhas de Deus, atingidos de maneira ultrajante. Exortamos todos os cat\u00f3licos e as pessoas de boa vontade, que sonham com um mundo mais humano, a que assumam sua responsabilidade na busca e na concretiza\u00e7\u00e3o de solu\u00e7\u00f5es.<\/address>\n<address style=\"text-align: justify\">\u00a0<\/address>\n<address style=\"text-align: justify\">As primeiras solu\u00e7\u00f5es voltar-se-\u00e3o para o imediato, isto \u00e9, para as dores que n\u00e3o podem esperar o dia de amanh\u00e3, aguardando os tr\u00e2mites dos planejamentos e das burocracias. O ponto de partida encontra-se em cada pessoa cujo cora\u00e7\u00e3o n\u00e3o se endureceu de t\u00e3o acostumado a ouvir clamores, a enxergar l\u00e1grimas. Por isso, na criatividade t\u00e3o pr\u00f3pria do povo brasileiro, cada um encontre formas de ajudar a quem est\u00e1 bem pr\u00f3ximo, ao alcance da m\u00e3o e do cora\u00e7\u00e3o.<\/address>\n<address style=\"text-align: justify\">\u00a0<\/address>\n<address style=\"text-align: justify\">Este n\u00e3o \u00e9 o momento de ficarmos apenas apontando responsabilidades alheias, mas de agirmos, pensando no bem comum. Por isso, ouvindo o clamor de nosso povo (cf Ex 3,7), conclamamos as comunidades cat\u00f3licas, par\u00f3quias, movimentos e demais associa\u00e7\u00f5es para que abram suas portas e saiam, como uma igreja samaritana, uma igreja em campanha, uma igreja em miss\u00e3o, na busca de quem est\u00e1 sofrendo as mais diversas formas deste momento t\u00e3o peculiar. N\u00e3o se trata de aguardar quem venha bater \u00e0 porta de nossas comunidades, mas, ao contr\u00e1rio, colocando tudo em comum (cf At 2,44), sair ao encontro de quem precisa, mobilizando os(as) batizados(as) a a\u00e7\u00f5es que, impulsionadas pela criatividade do Esp\u00edrito Santo, sejam capazes de aliviar a dor e a pen\u00faria.<\/address>\n<address style=\"text-align: justify\">\u00a0<\/address>\n<address style=\"text-align: justify\">Contemplando o mist\u00e9rio do Deus-Amor, que se fez p\u00e3o descido do c\u00e9u, convocamos os cat\u00f3licos a participarem intensamente da Solenidade do Corpo e Sangue de Cristo, a ser celebrada este ano no dia 26 de maio. Em cada uma de nossas dioceses, haver\u00e1 prociss\u00f5es e outros momentos em honra do Sant\u00edssimo Sacramento. Al\u00e9m das ora\u00e7\u00f5es para pedirmos perd\u00e3o pelos pecados e for\u00e7as para a transforma\u00e7\u00e3o do mundo, conclamamos os cat\u00f3licos a exercitarem, de modo ainda mais generoso, o sentimento de partilha, recolhendo em cada prociss\u00e3o ou outro evento, alimentos a serem imediatamente enviados a quem necessita. Todos n\u00f3s vivenciamos preocupa\u00e7\u00f5es quanto ao dia de amanh\u00e3 e, com isso, corremos o risco de nos fecharmos em torno da prote\u00e7\u00e3o daqueles que amamos. No entanto, consideramos importante alertar para o fato de que, em Deus, amamos todos os seres humanos e o que acontece com um s\u00f3 ser humano, afeta a toda a humanidade.<\/address>\n<address style=\"text-align: justify\">\u00a0<\/address>\n<address style=\"text-align: justify\">Finalmente, diante do Deus de Miseric\u00f3rdia, colocamo-nos como servidores, partilhando a dor de cada cora\u00e7\u00e3o que sofre, sonha e busca por solu\u00e7\u00f5es. N\u00f3s n\u00e3o temos todas as respostas, mas temos o desejo de colaborar para que as l\u00e1grimas sejam enxugadas, a alegria e a paz retornem aos cora\u00e7\u00f5es, a justi\u00e7a e integridade reinem cada vez mais em nossa terra.<\/address>\n<address style=\"text-align: justify\">Que Deus nos aben\u00e7oe e acompanhe.<\/address>\n<address style=\"text-align: justify\">\u00a0<\/address>\n<address style=\"text-align: justify\">Rio de Janeiro, 1\u00ba de maio de 2016.<\/address>\n<address style=\"text-align: justify\">\u00a0<\/address>\n<p style=\"text-align: center\"><strong>Orani Jo\u00e3o Cardeal Tempesta, O.Cist.<br \/><\/strong>Arcebispo Metropolitano de S\u00e3o Sebasti\u00e3o do Rio de Janeiro<br \/>Presidente do Regional Leste 1 \u2013 CNBB<\/p>\n","protected":false},"excerpt":{"rendered":"<p>Na carta, bispos denominam situa\u00e7\u00e3o como cat\u00e1strofe social<\/p>\n","protected":false},"author":83,"featured_media":21920,"comment_status":"open","ping_status":"open","sticky":false,"template":"","format":"standard","meta":{"site-sidebar-layout":"default","site-content-layout":"default","ast-global-header-display":"","ast-banner-title-visibility":"","ast-main-header-display":"","ast-hfb-above-header-display":"","ast-hfb-below-header-display":"","ast-hfb-mobile-header-display":"","site-post-title":"","ast-breadcrumbs-content":"","ast-featured-img":"","footer-sml-layout":"","theme-transparent-header-meta":"","adv-header-id-meta":"","stick-header-meta":"","header-above-stick-meta":"","header-main-stick-meta":"","header-below-stick-meta":""},"categories":[787,769],"tags":[],"acf":[],"_links":{"self":[{"href":"https:\/\/www.cnbb.org.br\/cnbb-app\/wp\/v2\/posts\/21919"}],"collection":[{"href":"https:\/\/www.cnbb.org.br\/cnbb-app\/wp\/v2\/posts"}],"about":[{"href":"https:\/\/www.cnbb.org.br\/cnbb-app\/wp\/v2\/types\/post"}],"author":[{"embeddable":true,"href":"https:\/\/www.cnbb.org.br\/cnbb-app\/wp\/v2\/users\/83"}],"replies":[{"embeddable":true,"href":"https:\/\/www.cnbb.org.br\/cnbb-app\/wp\/v2\/comments?post=21919"}],"version-history":[{"count":0,"href":"https:\/\/www.cnbb.org.br\/cnbb-app\/wp\/v2\/posts\/21919\/revisions"}],"wp:featuredmedia":[{"embeddable":true,"href":"https:\/\/www.cnbb.org.br\/cnbb-app\/wp\/v2\/media\/21920"}],"wp:attachment":[{"href":"https:\/\/www.cnbb.org.br\/cnbb-app\/wp\/v2\/media?parent=21919"}],"wp:term":[{"taxonomy":"category","embeddable":true,"href":"https:\/\/www.cnbb.org.br\/cnbb-app\/wp\/v2\/categories?post=21919"},{"taxonomy":"post_tag","embeddable":true,"href":"https:\/\/www.cnbb.org.br\/cnbb-app\/wp\/v2\/tags?post=21919"}],"curies":[{"name":"wp","href":"https:\/\/api.w.org\/{rel}","templated":true}]}}