{"id":21947,"date":"2010-03-01T00:00:00","date_gmt":"2010-03-01T03:00:00","guid":{"rendered":"https:\/\/www.cnbb.org.br\/arquidiocese-de-mariana-faz-peregrinacao-ao-santuario-estadual-nossa-senhora-da-piedade\/"},"modified":"2010-03-01T00:00:00","modified_gmt":"2010-03-01T03:00:00","slug":"arquidiocese-de-mariana-faz-peregrinacao-ao-santuario-estadual-nossa-senhora-da-piedade","status":"publish","type":"post","link":"https:\/\/www.cnbb.org.br\/arquidiocese-de-mariana-faz-peregrinacao-ao-santuario-estadual-nossa-senhora-da-piedade\/","title":{"rendered":"Arquidiocese de Mariana faz peregrina\u00e7\u00e3o ao Santu\u00e1rio Estadual Nossa Senhora da Piedade"},"content":{"rendered":"<p style=\"text-align: justify\">Nesta pr\u00f3xima ter\u00e7a-feira, dia 2 de mar\u00e7o, a arquidiocese de Mariana estar\u00e1 em peregrina\u00e7\u00e3o no Santu\u00e1rio Estadual Nossa Senhora da Piedade, que comemora no dia 31 de julho deste ano o Jubileu de Ouro de oficializa\u00e7\u00e3o de Nossa Senhora da Piedade como Padroeira do Estado de Minas Gerais. A Peregrina\u00e7\u00e3o da arquidiocese de Mariana ser\u00e1 presidida pelo arcebispo e presidente da CNBB, dom Geraldo Lyrio Rocha, acompanhado de 160 padres. A programa\u00e7\u00e3o \u00e9 especial: um dia de ora\u00e7\u00e3o, celebra\u00e7\u00e3o penitencial e a celebra\u00e7\u00e3o eucar\u00edstica \u00e0s 15h, presidida por dom Geraldo.<\/p>\n<p><!--more--><\/p>\n<p style=\"text-align: justify\">O arcebispo dom Walmor Oliveira de Azevedo chama a aten\u00e7\u00e3o para a import\u00e2ncia\u00a0\u00a0 da comemora\u00e7\u00e3o do Jubileu como \u201coportunidade para reavivar no cora\u00e7\u00e3o de todos o significado do grande dom de um santu\u00e1rio.\u201d O Santu\u00e1rio Estadual Nossa Senhora da Piedade, edificado a 1740 metros de altitude, na maravilha natural das montanhas de Minas, na Serra da Piedade, \u00e9 uma beleza t\u00e3o especial e encantadora que \u00e9 conhecido como \u201cmagn\u00edfica arquitetura divina\u201d.<\/p>\n<p style=\"text-align: justify\">Outras informa\u00e7\u00f5es pelo site: www.arquidiocesebh.org.br<\/p>\n","protected":false},"excerpt":{"rendered":"<p>Nesta pr\u00f3xima ter\u00e7a-feira, dia 2 de mar\u00e7o, a arquidiocese de Mariana estar\u00e1 em peregrina\u00e7\u00e3o no Santu\u00e1rio Estadual Nossa Senhora da Piedade, que comemora no dia 31 de julho deste ano o Jubileu de Ouro de oficializa\u00e7\u00e3o de Nossa Senhora da Piedade como Padroeira do Estado de Minas Gerais. A Peregrina\u00e7\u00e3o da arquidiocese de Mariana ser\u00e1 &hellip;<\/p>\n<p class=\"read-more\"> <a class=\"\" href=\"https:\/\/www.cnbb.org.br\/arquidiocese-de-mariana-faz-peregrinacao-ao-santuario-estadual-nossa-senhora-da-piedade\/\"> <span class=\"screen-reader-text\">Arquidiocese de Mariana faz peregrina\u00e7\u00e3o ao Santu\u00e1rio Estadual Nossa Senhora da Piedade<\/span> Leia mais &raquo;<\/a><\/p>\n","protected":false},"author":83,"featured_media":21948,"comment_status":"open","ping_status":"open","sticky":false,"template":"","format":"standard","meta":{"site-sidebar-layout":"default","site-content-layout":"default","ast-global-header-display":"","ast-banner-title-visibility":"","ast-main-header-display":"","ast-hfb-above-header-display":"","ast-hfb-below-header-display":"","ast-hfb-mobile-header-display":"","site-post-title":"","ast-breadcrumbs-content":"","ast-featured-img":"","footer-sml-layout":"","theme-transparent-header-meta":"","adv-header-id-meta":"","stick-header-meta":"","header-above-stick-meta":"","header-main-stick-meta":"","header-below-stick-meta":""},"categories":[778,769],"tags":[],"acf":[],"_links":{"self":[{"href":"https:\/\/www.cnbb.org.br\/cnbb-app\/wp\/v2\/posts\/21947"}],"collection":[{"href":"https:\/\/www.cnbb.org.br\/cnbb-app\/wp\/v2\/posts"}],"about":[{"href":"https:\/\/www.cnbb.org.br\/cnbb-app\/wp\/v2\/types\/post"}],"author":[{"embeddable":true,"href":"https:\/\/www.cnbb.org.br\/cnbb-app\/wp\/v2\/users\/83"}],"replies":[{"embeddable":true,"href":"https:\/\/www.cnbb.org.br\/cnbb-app\/wp\/v2\/comments?post=21947"}],"version-history":[{"count":0,"href":"https:\/\/www.cnbb.org.br\/cnbb-app\/wp\/v2\/posts\/21947\/revisions"}],"wp:featuredmedia":[{"embeddable":true,"href":"https:\/\/www.cnbb.org.br\/cnbb-app\/wp\/v2\/media\/21948"}],"wp:attachment":[{"href":"https:\/\/www.cnbb.org.br\/cnbb-app\/wp\/v2\/media?parent=21947"}],"wp:term":[{"taxonomy":"category","embeddable":true,"href":"https:\/\/www.cnbb.org.br\/cnbb-app\/wp\/v2\/categories?post=21947"},{"taxonomy":"post_tag","embeddable":true,"href":"https:\/\/www.cnbb.org.br\/cnbb-app\/wp\/v2\/tags?post=21947"}],"curies":[{"name":"wp","href":"https:\/\/api.w.org\/{rel}","templated":true}]}}