{"id":21983,"date":"2010-06-08T00:00:00","date_gmt":"2010-06-08T03:00:00","guid":{"rendered":"https:\/\/www.cnbb.org.br\/visita-ad-limina-bispos-destacam-prioridades-do-regional-leste-2-e-dialogo-interreligioso\/"},"modified":"2010-06-08T00:00:00","modified_gmt":"2010-06-08T03:00:00","slug":"visita-ad-limina-bispos-destacam-prioridades-do-regional-leste-2-e-dialogo-interreligioso","status":"publish","type":"post","link":"https:\/\/www.cnbb.org.br\/visita-ad-limina-bispos-destacam-prioridades-do-regional-leste-2-e-dialogo-interreligioso\/","title":{"rendered":"Visita ad Limina: bispos destacam prioridades do Regional Leste 2 e di\u00e1logo interreligioso"},"content":{"rendered":"<p style=\"text-align: justify\">No segundo dia da visita &#8220;ad Limina Apostolorum&#8221;, dos bispos do Regional Leste 2 da CNBB (Esp\u00edrito Santo e Minas Gerais), os religiosos visitaram os dois dicast\u00e9rios, tanto a Comiss\u00e3o para a Am\u00e9rica Latina como o Pontif\u00edcio Conselho para a Unidade dos Crist\u00e3os.<\/p>\n<p><!--more--><\/p>\n<p style=\"text-align: justify\"><img decoding=\"async\" loading=\"lazy\" class=\" alignright size-full wp-image-4645\" style=\"float: right\" src=\"https:\/\/www.cnbb.org.br\/wp-content\/uploads\/2020\/03\/Ad_2.jpg\" alt=\"Ad_2\" width=\"329\" height=\"187\" \/>Na Comiss\u00e3o para a Am\u00e9rica Latina, o secret\u00e1rio do Regional e bispo diocesano de Luz, dom Ant\u00f4nio Carlos F\u00e9lix destacou os desdobramentos pastorais advindos com as Conclus\u00f5es da 5\u00aa Confer\u00eancia do Episcopado Latino Americano e Caribenho, em Aparecida (SP). Citou tamb\u00e9m as assembl\u00e9ias, planos diocesanos de pastoral e as miss\u00f5es populares. Dom F\u00e9lix ressaltou as tr\u00eas grandes prioridades do Regional: Lectio Divina (Leitura Orante da B\u00edblia), rede regional de r\u00e1dios e juventude em situa\u00e7\u00e3o de risco.<\/p>\n<p style=\"text-align: justify\">O vice-presidente da Comiss\u00e3o para a Am\u00e9rica Latina (CAL), arcebispo dom Oct\u00e1vio Ruiz Arenas, reconheceu alguns desafios em rela\u00e7\u00e3o \u00e0 miss\u00e3o permanente, sugerida por Aparecida e parabenizou o Brasil pelo seu empenho pastoral. Muitos bispos participaram da conversa, com interven\u00e7\u00f5es.<\/p>\n<p style=\"text-align: justify\">No Conselho para a Unidade dos Crist\u00e3os, os bispos foram recebidos pelo cardeal Walter Kaspers. O arcebispo metropolitano da arquidiocese de Montes Claros e presidente da Comiss\u00e3o Episcopal para o Ecumenismo e o Di\u00e1logo Interreligioso da CNBB,\u00a0 dom Jos\u00e9 Alberto Moura, destacou a realidade do ecumenismo no Brasil.<\/p>\n<p style=\"text-align: justify\"><img decoding=\"async\" loading=\"lazy\" class=\" alignleft size-full wp-image-4646\" style=\"float: left\" src=\"https:\/\/www.cnbb.org.br\/wp-content\/uploads\/2020\/03\/ad_3.jpg\" alt=\"ad_3\" width=\"330\" height=\"185\" \/>A programa\u00e7\u00e3o para hoje, 8, envolve missa na Bas\u00edlica de S\u00e3o Pedro, seguida de visitas a outros dois discat\u00e9rios: Congrega\u00e7\u00e3o para os Bispos, que ter\u00e1 como bispo relator o vice-presidente do CONSER Leste 2 e arcebispo metropolitano da arquidiocese de Vit\u00f3ria, dom Luiz Mancilha, abordando o tema Minist\u00e9rio Episcopal. Congrega\u00e7\u00e3o para a\u00a0 Doutrina da F\u00e9, o tema apresentado ser\u00e1 &#8220;Estudo e o Ensino da Teologia &#8211; desafios e perspectivas&#8221;, e ter\u00e1 como bispo-relator, o presidente do CONSER Leste 2 e arcebispo metreopolitano da arquidiocese de Belo Horizonte (MG), dom Walmor Oliveira de Azevedo.<\/p>\n","protected":false},"excerpt":{"rendered":"<p>No segundo dia da visita &#8220;ad Limina Apostolorum&#8221;, dos bispos do Regional Leste 2 da CNBB (Esp\u00edrito Santo e Minas Gerais), os religiosos visitaram os dois dicast\u00e9rios, tanto a Comiss\u00e3o para a Am\u00e9rica Latina como o Pontif\u00edcio Conselho para a Unidade dos Crist\u00e3os.<\/p>\n","protected":false},"author":83,"featured_media":21984,"comment_status":"open","ping_status":"open","sticky":false,"template":"","format":"standard","meta":{"site-sidebar-layout":"default","site-content-layout":"default","ast-global-header-display":"","ast-banner-title-visibility":"","ast-main-header-display":"","ast-hfb-above-header-display":"","ast-hfb-below-header-display":"","ast-hfb-mobile-header-display":"","site-post-title":"","ast-breadcrumbs-content":"","ast-featured-img":"","footer-sml-layout":"","theme-transparent-header-meta":"","adv-header-id-meta":"","stick-header-meta":"","header-above-stick-meta":"","header-main-stick-meta":"","header-below-stick-meta":""},"categories":[778,769],"tags":[],"acf":[],"_links":{"self":[{"href":"https:\/\/www.cnbb.org.br\/cnbb-app\/wp\/v2\/posts\/21983"}],"collection":[{"href":"https:\/\/www.cnbb.org.br\/cnbb-app\/wp\/v2\/posts"}],"about":[{"href":"https:\/\/www.cnbb.org.br\/cnbb-app\/wp\/v2\/types\/post"}],"author":[{"embeddable":true,"href":"https:\/\/www.cnbb.org.br\/cnbb-app\/wp\/v2\/users\/83"}],"replies":[{"embeddable":true,"href":"https:\/\/www.cnbb.org.br\/cnbb-app\/wp\/v2\/comments?post=21983"}],"version-history":[{"count":0,"href":"https:\/\/www.cnbb.org.br\/cnbb-app\/wp\/v2\/posts\/21983\/revisions"}],"wp:featuredmedia":[{"embeddable":true,"href":"https:\/\/www.cnbb.org.br\/cnbb-app\/wp\/v2\/media\/21984"}],"wp:attachment":[{"href":"https:\/\/www.cnbb.org.br\/cnbb-app\/wp\/v2\/media?parent=21983"}],"wp:term":[{"taxonomy":"category","embeddable":true,"href":"https:\/\/www.cnbb.org.br\/cnbb-app\/wp\/v2\/categories?post=21983"},{"taxonomy":"post_tag","embeddable":true,"href":"https:\/\/www.cnbb.org.br\/cnbb-app\/wp\/v2\/tags?post=21983"}],"curies":[{"name":"wp","href":"https:\/\/api.w.org\/{rel}","templated":true}]}}