{"id":21986,"date":"2010-06-08T00:00:00","date_gmt":"2010-06-08T03:00:00","guid":{"rendered":"https:\/\/www.cnbb.org.br\/marcada-a-posse-de-dom-frei-celio-de-oliveira-goulart\/"},"modified":"2010-06-08T00:00:00","modified_gmt":"2010-06-08T03:00:00","slug":"marcada-a-posse-de-dom-frei-celio-de-oliveira-goulart","status":"publish","type":"post","link":"https:\/\/www.cnbb.org.br\/marcada-a-posse-de-dom-frei-celio-de-oliveira-goulart\/","title":{"rendered":"Marcada a posse de dom frei C\u00e9lio de Oliveira Goulart"},"content":{"rendered":"<p style=\"text-align: justify\">A posse do novo bispo diocesano de S\u00e3o Jo\u00e3o del Rei (MG), dom frei C\u00e9lio de Oliveira Goulart, ser\u00e1 no pr\u00f3ximo dia 17 de julho, na Catedral Bas\u00edlica de Nossa Senhora do Pilar.<\/p>\n<p>  <!--more-->  <\/p>\n<p style=\"text-align: justify\">Dom C\u00e9lio Goulart suceder\u00e1 a dom Waldemar Chaves de Ara\u00fajo, 75 anos, e que teve seu pedido de ren\u00fancia aceito, conforme prescreve o C\u00f3digo de Direito Can\u00f4nico, c\u00e2non 401 \u00a7 1\u00ba. Dom C\u00e9lio ser\u00e1 o quarto bispo diocesano e atualmente \u00e9 bispo de Cachoeiro do Itapemirim (ES).<\/p>\n","protected":false},"excerpt":{"rendered":"<p>A posse do novo bispo diocesano de S\u00e3o Jo\u00e3o del Rei (MG), dom frei C\u00e9lio de Oliveira Goulart, ser\u00e1 no pr\u00f3ximo dia 17 de julho, na Catedral Bas\u00edlica de Nossa Senhora do Pilar.<\/p>\n","protected":false},"author":83,"featured_media":21987,"comment_status":"open","ping_status":"open","sticky":false,"template":"","format":"standard","meta":{"site-sidebar-layout":"default","site-content-layout":"default","ast-global-header-display":"","ast-banner-title-visibility":"","ast-main-header-display":"","ast-hfb-above-header-display":"","ast-hfb-below-header-display":"","ast-hfb-mobile-header-display":"","site-post-title":"","ast-breadcrumbs-content":"","ast-featured-img":"","footer-sml-layout":"","theme-transparent-header-meta":"","adv-header-id-meta":"","stick-header-meta":"","header-above-stick-meta":"","header-main-stick-meta":"","header-below-stick-meta":""},"categories":[778,769],"tags":[],"acf":[],"_links":{"self":[{"href":"https:\/\/www.cnbb.org.br\/cnbb-app\/wp\/v2\/posts\/21986"}],"collection":[{"href":"https:\/\/www.cnbb.org.br\/cnbb-app\/wp\/v2\/posts"}],"about":[{"href":"https:\/\/www.cnbb.org.br\/cnbb-app\/wp\/v2\/types\/post"}],"author":[{"embeddable":true,"href":"https:\/\/www.cnbb.org.br\/cnbb-app\/wp\/v2\/users\/83"}],"replies":[{"embeddable":true,"href":"https:\/\/www.cnbb.org.br\/cnbb-app\/wp\/v2\/comments?post=21986"}],"version-history":[{"count":0,"href":"https:\/\/www.cnbb.org.br\/cnbb-app\/wp\/v2\/posts\/21986\/revisions"}],"wp:featuredmedia":[{"embeddable":true,"href":"https:\/\/www.cnbb.org.br\/cnbb-app\/wp\/v2\/media\/21987"}],"wp:attachment":[{"href":"https:\/\/www.cnbb.org.br\/cnbb-app\/wp\/v2\/media?parent=21986"}],"wp:term":[{"taxonomy":"category","embeddable":true,"href":"https:\/\/www.cnbb.org.br\/cnbb-app\/wp\/v2\/categories?post=21986"},{"taxonomy":"post_tag","embeddable":true,"href":"https:\/\/www.cnbb.org.br\/cnbb-app\/wp\/v2\/tags?post=21986"}],"curies":[{"name":"wp","href":"https:\/\/api.w.org\/{rel}","templated":true}]}}