{"id":21998,"date":"2010-06-21T00:00:00","date_gmt":"2010-06-21T03:00:00","guid":{"rendered":"https:\/\/www.cnbb.org.br\/discurso-de-bento-xvi-aos-bispos-do-regional-leste-2\/"},"modified":"2010-06-21T00:00:00","modified_gmt":"2010-06-21T03:00:00","slug":"discurso-de-bento-xvi-aos-bispos-do-regional-leste-2","status":"publish","type":"post","link":"https:\/\/www.cnbb.org.br\/discurso-de-bento-xvi-aos-bispos-do-regional-leste-2\/","title":{"rendered":"Discurso de Bento XVI aos bispos do Regional Leste 2"},"content":{"rendered":"<p>Discurso do papa Bento XVI em virtude da visita ad Limina dos bispos do Regional Leste 2 da Confer\u00eancia Nacional dos Bispos do Brasil (CNBB).<\/p>\n<p style=\"text-align: justify\">Leia a \u00edntegra do discurso abaixo:<\/p>\n<p><!--more--><\/p>\n<p style=\"text-align: justify\">\n<hr \/>\n<p style=\"text-align: justify\">Queridos Irm\u00e3os no Episcopado,<\/p>\n<p style=\"text-align: justify\">\u201cChamados a ser santos, junto com todos os que, em qualquer lugar, invocam o nome de Nosso Senhor Jesus Cristo, Senhor deles e nosso: Para v\u00f3s, gra\u00e7a e paz, da parte de Deus, nosso Pai, e do Senhor Jesus Cristo\u201d (1 Cor 1, 2-3). Com estas palavras, acolho a todos v\u00f3s, amados Pastores do Regional Leste 2 em Visita ad Limina, e vos sa\u00fado com grande afeto na consci\u00eancia do la\u00e7o colegial que une o Papa com os Bispos no v\u00ednculo da unidade, da caridade e da paz. Agrade\u00e7o a Dom Walmor as am\u00e1veis palavras com que interpretou os vossos sentimentos de homenagem \u00e0 S\u00e9 de Pedro e ilustrou os desafios e problemas que s\u00e3o objeto do vosso empenho a bem da grei que Deus vos confiou nos Estados do Esp\u00edrito Santo e Minas Gerais.<\/p>\n<p style=\"text-align: justify\">Vejo que amais profundamente as vossas dioceses e tamb\u00e9m eu participo intimamente deste vosso amor, acompanhando-vos com a ora\u00e7\u00e3o e a solicitude apost\u00f3lica. A nossa \u00e9 uma bela hist\u00f3ria com in\u00edcio palp\u00e1vel nas Bulas expedidas pelo Sucessor de Pedro para a ordena\u00e7\u00e3o episcopal e naquele \u201cEis-me aqui\u201d proferido por cada um no in\u00edcio da cerim\u00f4nia da sua sagra\u00e7\u00e3o e consequente ingresso no Col\u00e9gio dos Bispos. Dele come\u00e7astes a fazer parte \u201cem virtude da sagra\u00e7\u00e3o episcopal e pela comunh\u00e3o hier\u00e1rquica com a Cabe\u00e7a e com os membros\u201d (Nota Explicativa Pr\u00e9via, anexa \u00e0 Const. dogm. Lumen gentium), tornando-vos sucessores dos Ap\u00f3stolos com a tr\u00edplice fun\u00e7\u00e3o de ensinar, santificar e governar o povo de Deus.<\/p>\n<p style=\"text-align: justify\">Enquanto mestres e doutores da f\u00e9, tendes a miss\u00e3o de ensinar com aud\u00e1cia a verdade que se deve crer e viver, apresentando-a de forma aut\u00eantica. Como vos disse em Aparecida, \u201ca Igreja tem a grande tarefa de conservar e alimentar a f\u00e9 do povo de Deus, e recordar tamb\u00e9m aos fi\u00e9is (\u2026) que, em virtude do seu batismo, s\u00e3o chamados a ser disc\u00edpulos e mission\u00e1rios de Jesus Cristo\u201d (Discurso inaugural da V Confer\u00eancia Geral do Episcopado Latino-Americano e do Caribe, 13\/V\/2007, 3). Ajudai, pois, os fi\u00e9is confiados aos vossos cuidados pastorais a descobrirem a alegria da f\u00e9, a alegria de serem pessoalmente amados por Deus, que entregou o seu Filho para nossa salva\u00e7\u00e3o. Como bem sabeis, crer consiste sobretudo em abandonar-se a este Deus que nos conhece e ama pessoalmente, aceitando a Verdade que Ele revelou em Jesus Cristo com a atitude que nos leva a ter confian\u00e7a nele como revelador do Pai. Queridos irm\u00e3os, tende grande confian\u00e7a na gra\u00e7a e sabei infundir esta confian\u00e7a no vosso povo, para que a f\u00e9 sempre seja guardada, defendida e transmitida na sua pureza e integridade.<\/p>\n<p style=\"text-align: justify\">Como administradores do supremo sacerd\u00f3cio, haveis de procurar que a liturgia seja verdadeiramente uma epifania do mist\u00e9rio, isto \u00e9, express\u00e3o da natureza genu\u00edna da Igreja, que ativamente presta culto a Deus por Cristo no Esp\u00edrito Santo. De todos os deveres do vosso minist\u00e9rio, \u201co mais imperioso e importante \u00e9 a responsabilidade pela celebra\u00e7\u00e3o da Eucaristia\u201d, competindo-vos \u201cprovidenciar para que os fi\u00e9is tenham a possibilidade de aceder \u00e0 mesa do Senhor, sobretudo ao domingo que \u00e9 o dia em que a Igreja \u2013 comunidade e fam\u00edlia dos filhos de Deus \u2013 descobre a sua peculiar identidade crist\u00e3 ao redor dos presb\u00edteros\u201d (Jo\u00e3o Paulo II, Exort. ap. Pastores gregis, 39). O m\u00fanus de santificar que recebestes imp\u00f5e-vos ainda ser promotores e animadores da ora\u00e7\u00e3o na cidade humana, freq\u00fcentemente agitada, rumorosa e esquecida de Deus: deveis criar lugares e ocasi\u00f5es de ora\u00e7\u00e3o, onde no sil\u00eancio, na escuta de Deus, na ora\u00e7\u00e3o pessoal e comunit\u00e1ria, o homem possa encontrar e fazer a experi\u00eancia viva de Jesus Cristo que revela o rosto aut\u00eantico do Pai. \u00c9 preciso que as par\u00f3quias e os santu\u00e1rios, os ambientes de educa\u00e7\u00e3o e sofrimento, as fam\u00edlias se tornem lugares de comunh\u00e3o com o Senhor.<\/p>\n<p style=\"text-align: justify\">Enfim, como guias do povo crist\u00e3o, deveis promover a participa\u00e7\u00e3o de todos os fi\u00e9is na edifica\u00e7\u00e3o da Igreja, governando com cora\u00e7\u00e3o de servo humilde e pastor afetuoso tendo em vista a gl\u00f3ria de Deus e a salva\u00e7\u00e3o das almas. Em virtude do m\u00fanus de governar, o Bispo est\u00e1 chamado tamb\u00e9m a julgar e disciplinar a vida do povo de Deus confiado aos seus cuidados pastorais, atrav\u00e9s de leis, diretrizes e sugest\u00f5es, como previsto na disciplina universal da Igreja. Este direito e dever \u00e9 muito importante para que a comunidade diocesana permane\u00e7a unida no seu interior e caminhe em sincera comunh\u00e3o de f\u00e9, de amor e de disciplina com o Bispo de Roma e com toda a Igreja. Para isso, n\u00e3o vos canseis de alimentar nos fi\u00e9is o sentido de perten\u00e7a \u00e0 Igreja e a alegria da comunh\u00e3o fraterna. Entretanto o governo do Bispo s\u00f3 ser\u00e1 pastoralmente proveitoso \u201cse gozar do apoio duma boa credibilidade moral, que deriva da sua santidade de vida. Tal credibilidade predispor\u00e1 as mentes para acolherem o Evangelho anunciado por ele na sua Igreja e tamb\u00e9m as normas que ele estabelecer para o bem do povo de Deus\u201d (Ibid., 43). Por isso, plasmado interiormente pelo Esp\u00edrito Santo, cada um de v\u00f3s fa\u00e7a-se \u201ctudo para todos\u201d (cf. 1 Cor 9, 22), propondo a verdade da f\u00e9, celebrando os sacramentos da nossa santifica\u00e7\u00e3o e testemunhando a caridade do Senhor. Acolhei de cora\u00e7\u00e3o aberto quantos batem \u00e0 vossa porta: aconselhai-os, confortai-os e apoiai-os no caminho de Deus, procurando guiar a todos para aquela unidade na f\u00e9 e no amor da qual, por vontade do Senhor, deveis ser princ\u00edpio e fundamento vis\u00edvel nas vossas dioceses (cf. Const. dogm. Lumen gentium, 23).<\/p>\n<p style=\"text-align: justify\">Queridos Irm\u00e3os no Episcopado! Ao concluir este nosso encontro, desejo renovar a cada um de v\u00f3s os meus sentimentos de gratid\u00e3o pelo servi\u00e7o que prestais \u00e0 Igreja com viva dedica\u00e7\u00e3o e amor. Por intercess\u00e3o da Virgem Maria, \u201cexemplo daquele afeto maternal de que devem estar animados todos quantos cooperam na miss\u00e3o apost\u00f3lica que a Igreja tem de regenerar os homens\u201d (Ibid., 65), invoco de Cristo, Sumo e Eterno Sacerdote, sobre o vosso minist\u00e9rio a abund\u00e2ncia dos dons e consola\u00e7\u00f5es celestes e concedo-vos, extensiva aos sacerdotes e di\u00e1conos, aos consagrados e consagradas, aos seminaristas e aos fi\u00e9is leigos das vossas comunidades diocesanas, uma particular B\u00ean\u00e7\u00e3o Apost\u00f3lica.<\/p>\n<p style=\"text-align: justify\"><span style=\"font-size: 8pt\"><em><strong>Fonte: R\u00e1dio Vaticano<\/strong><\/em><\/span><\/p>\n","protected":false},"excerpt":{"rendered":"<p>Discurso do papa Bento XVI em virtude da visita ad Limina dos bispos do Regional Leste 2 da Confer\u00eancia Nacional dos Bispos do Brasil (CNBB). Leia a \u00edntegra do discurso abaixo:<\/p>\n","protected":false},"author":83,"featured_media":18714,"comment_status":"open","ping_status":"open","sticky":false,"template":"","format":"standard","meta":{"site-sidebar-layout":"default","site-content-layout":"default","ast-global-header-display":"","ast-banner-title-visibility":"","ast-main-header-display":"","ast-hfb-above-header-display":"","ast-hfb-below-header-display":"","ast-hfb-mobile-header-display":"","site-post-title":"","ast-breadcrumbs-content":"","ast-featured-img":"","footer-sml-layout":"","theme-transparent-header-meta":"","adv-header-id-meta":"","stick-header-meta":"","header-above-stick-meta":"","header-main-stick-meta":"","header-below-stick-meta":""},"categories":[778,769],"tags":[],"acf":[],"_links":{"self":[{"href":"https:\/\/www.cnbb.org.br\/cnbb-app\/wp\/v2\/posts\/21998"}],"collection":[{"href":"https:\/\/www.cnbb.org.br\/cnbb-app\/wp\/v2\/posts"}],"about":[{"href":"https:\/\/www.cnbb.org.br\/cnbb-app\/wp\/v2\/types\/post"}],"author":[{"embeddable":true,"href":"https:\/\/www.cnbb.org.br\/cnbb-app\/wp\/v2\/users\/83"}],"replies":[{"embeddable":true,"href":"https:\/\/www.cnbb.org.br\/cnbb-app\/wp\/v2\/comments?post=21998"}],"version-history":[{"count":0,"href":"https:\/\/www.cnbb.org.br\/cnbb-app\/wp\/v2\/posts\/21998\/revisions"}],"wp:featuredmedia":[{"embeddable":true,"href":"https:\/\/www.cnbb.org.br\/cnbb-app\/wp\/v2\/media\/18714"}],"wp:attachment":[{"href":"https:\/\/www.cnbb.org.br\/cnbb-app\/wp\/v2\/media?parent=21998"}],"wp:term":[{"taxonomy":"category","embeddable":true,"href":"https:\/\/www.cnbb.org.br\/cnbb-app\/wp\/v2\/categories?post=21998"},{"taxonomy":"post_tag","embeddable":true,"href":"https:\/\/www.cnbb.org.br\/cnbb-app\/wp\/v2\/tags?post=21998"}],"curies":[{"name":"wp","href":"https:\/\/api.w.org\/{rel}","templated":true}]}}