{"id":22027,"date":"2010-07-26T00:00:00","date_gmt":"2010-07-26T03:00:00","guid":{"rendered":"https:\/\/www.cnbb.org.br\/regional-leste-2-promove-curso-de-inverno-para-coordenadores-de-grupos-jovens\/"},"modified":"2010-07-26T00:00:00","modified_gmt":"2010-07-26T03:00:00","slug":"regional-leste-2-promove-curso-de-inverno-para-coordenadores-de-grupos-jovens","status":"publish","type":"post","link":"https:\/\/www.cnbb.org.br\/regional-leste-2-promove-curso-de-inverno-para-coordenadores-de-grupos-jovens\/","title":{"rendered":"Regional Leste 2 promove Curso de Inverno para coordenadores de Grupos Jovens"},"content":{"rendered":"<p style=\"text-align: justify\">Belo Horizonte (MG) sedia, de 25 a 31, o Curso de Inverno 2010 para coordenadores de grupos jovens das dioceses do Regional Leste 2 da CNBB (Esp\u00edrito Santo e Minas Gerais), e conta tamb\u00e9m com a participa\u00e7\u00e3o de jovens do Regional Leste 1 (Rio de Janeiro) e Nordeste 2 (Alagoas, Para\u00edba, Pernambuco e Rio Grande do Norte).<\/p>\n<p><!--more--><\/p>\n<p style=\"text-align: justify\">O evento \u00e9 realizado pelo Instituto de Pastoral da Juventude do Regional Leste 2, em parceria com o Centro Marista de Juventude, Col\u00e9gio Santa Maria, Instituto S\u00e3o Tom\u00e1s de Aquino e Fundo Ecum\u00eanico de Solidariedade. O Curso de Inverno acontece em sintonia com a Campanha Fraternidade 2010 tendo como tema: \u201cJuventude: Construindo um outro Mundo Poss\u00edvel\u201d.<\/p>\n<p style=\"text-align: justify\">Durante o encontro, acontecem palestras pela manh\u00e3, e no per\u00edodo da tarde, os jovens participam de oficinas. As noites s\u00e3o preenchidas com momentos culturais t\u00edpicos da cultura juvenil, com Lual, Festa Julina, shows e exposi\u00e7\u00f5es.<\/p>\n","protected":false},"excerpt":{"rendered":"<p>Belo Horizonte (MG) sedia, de 25 a 31, o Curso de Inverno 2010 para coordenadores de grupos jovens das dioceses do Regional Leste 2 da CNBB (Esp\u00edrito Santo e Minas Gerais), e conta tamb\u00e9m com a participa\u00e7\u00e3o de jovens do Regional Leste 1 (Rio de Janeiro) e Nordeste 2 (Alagoas, Para\u00edba, Pernambuco e Rio Grande &hellip;<\/p>\n<p class=\"read-more\"> <a class=\"\" href=\"https:\/\/www.cnbb.org.br\/regional-leste-2-promove-curso-de-inverno-para-coordenadores-de-grupos-jovens\/\"> <span class=\"screen-reader-text\">Regional Leste 2 promove Curso de Inverno para coordenadores de Grupos Jovens<\/span> Leia mais &raquo;<\/a><\/p>\n","protected":false},"author":83,"featured_media":22028,"comment_status":"open","ping_status":"open","sticky":false,"template":"","format":"standard","meta":{"site-sidebar-layout":"default","site-content-layout":"default","ast-global-header-display":"","ast-banner-title-visibility":"","ast-main-header-display":"","ast-hfb-above-header-display":"","ast-hfb-below-header-display":"","ast-hfb-mobile-header-display":"","site-post-title":"","ast-breadcrumbs-content":"","ast-featured-img":"","footer-sml-layout":"","theme-transparent-header-meta":"","adv-header-id-meta":"","stick-header-meta":"","header-above-stick-meta":"","header-main-stick-meta":"","header-below-stick-meta":""},"categories":[778,769],"tags":[],"acf":[],"_links":{"self":[{"href":"https:\/\/www.cnbb.org.br\/cnbb-app\/wp\/v2\/posts\/22027"}],"collection":[{"href":"https:\/\/www.cnbb.org.br\/cnbb-app\/wp\/v2\/posts"}],"about":[{"href":"https:\/\/www.cnbb.org.br\/cnbb-app\/wp\/v2\/types\/post"}],"author":[{"embeddable":true,"href":"https:\/\/www.cnbb.org.br\/cnbb-app\/wp\/v2\/users\/83"}],"replies":[{"embeddable":true,"href":"https:\/\/www.cnbb.org.br\/cnbb-app\/wp\/v2\/comments?post=22027"}],"version-history":[{"count":0,"href":"https:\/\/www.cnbb.org.br\/cnbb-app\/wp\/v2\/posts\/22027\/revisions"}],"wp:featuredmedia":[{"embeddable":true,"href":"https:\/\/www.cnbb.org.br\/cnbb-app\/wp\/v2\/media\/22028"}],"wp:attachment":[{"href":"https:\/\/www.cnbb.org.br\/cnbb-app\/wp\/v2\/media?parent=22027"}],"wp:term":[{"taxonomy":"category","embeddable":true,"href":"https:\/\/www.cnbb.org.br\/cnbb-app\/wp\/v2\/categories?post=22027"},{"taxonomy":"post_tag","embeddable":true,"href":"https:\/\/www.cnbb.org.br\/cnbb-app\/wp\/v2\/tags?post=22027"}],"curies":[{"name":"wp","href":"https:\/\/api.w.org\/{rel}","templated":true}]}}