{"id":22029,"date":"2010-07-27T00:00:00","date_gmt":"2010-07-27T03:00:00","guid":{"rendered":"https:\/\/www.cnbb.org.br\/semana-jubilar-missionaria-reune-mais-de-10-mil-fieis-em-belo-horizonte\/"},"modified":"2010-07-27T00:00:00","modified_gmt":"2010-07-27T03:00:00","slug":"semana-jubilar-missionaria-reune-mais-de-10-mil-fieis-em-belo-horizonte","status":"publish","type":"post","link":"https:\/\/www.cnbb.org.br\/semana-jubilar-missionaria-reune-mais-de-10-mil-fieis-em-belo-horizonte\/","title":{"rendered":"Semana Mission\u00e1ria re\u00fane mais de 10 mil fi\u00e9is em Belo Horizonte"},"content":{"rendered":"<p style=\"text-align: justify\">A abertura da Semana Jubilar Mission\u00e1ria,\u00a0 evento promovido pela arquidiocese de Belo Horizonte (MG), com a presen\u00e7a de bispos, padres e fi\u00e9is de todo o Brasil, reuniu, no s\u00e1bado, 24, mais de 10 mil pessoas.<\/p>\n<p><!--more--><\/p>\n<p style=\"text-align: justify\">Numa grande demonstra\u00e7\u00e3o de f\u00e9 e espiritualidade os fi\u00e9is vindos de v\u00e1rias regi\u00f5es assistiram emocionados \u00e0 missa e \u00e0 Ordena\u00e7\u00e3o Presbiteral de nove di\u00e1conos da arquidiocese de Belo Horizonte, na Pra\u00e7a Cardeal Mota.<img decoding=\"async\" loading=\"lazy\" class=\" alignright size-full wp-image-5730\" style=\"float: right\" src=\"https:\/\/www.cnbb.org.br\/wp-content\/uploads\/2020\/03\/Belo_Horizonte_2.jpg\" alt=\"Belo_Horizonte_2\" width=\"550\" height=\"367\" \/><\/p>\n<p style=\"text-align: justify\">Durante a celebra\u00e7\u00e3o, o arcebispo metropolitano de Belo Horizonte, dom Walmor Oliveira de Azevedo, ressaltou a importante miss\u00e3o do sacerdote de servir a Deus com amor e sinceridade, guardando-se do maligno e perseverando no caminho do bem e da fidelidade aos ensinamentos de Jesus Cristo.<\/p>\n<p style=\"text-align: justify\">\u00c0 tarde, o bispo auxiliar de Belo Horizonte, dom Joaquim Mol Guimar\u00e3es, celebrou uma missa na Ermida da Padroeira junto com a Confer\u00eancia dos Religiosos do Brasil (CRB) e a Vida Religiosa Feminina em Minas Gerais.<\/p>\n<p style=\"text-align: justify\">Confira a programa\u00e7\u00e3o completa no site www.arquidiocesebh.org.br<\/p>\n","protected":false},"excerpt":{"rendered":"<p>A abertura da Semana Jubilar Mission\u00e1ria,\u00a0 evento promovido pela arquidiocese de Belo Horizonte (MG), com a presen\u00e7a de bispos, padres e fi\u00e9is de todo o Brasil, reuniu, no s\u00e1bado, 24, mais de 10 mil pessoas.<\/p>\n","protected":false},"author":83,"featured_media":22030,"comment_status":"open","ping_status":"open","sticky":false,"template":"","format":"standard","meta":{"site-sidebar-layout":"default","site-content-layout":"default","ast-global-header-display":"","ast-banner-title-visibility":"","ast-main-header-display":"","ast-hfb-above-header-display":"","ast-hfb-below-header-display":"","ast-hfb-mobile-header-display":"","site-post-title":"","ast-breadcrumbs-content":"","ast-featured-img":"","footer-sml-layout":"","theme-transparent-header-meta":"","adv-header-id-meta":"","stick-header-meta":"","header-above-stick-meta":"","header-main-stick-meta":"","header-below-stick-meta":""},"categories":[778,769],"tags":[],"acf":[],"_links":{"self":[{"href":"https:\/\/www.cnbb.org.br\/cnbb-app\/wp\/v2\/posts\/22029"}],"collection":[{"href":"https:\/\/www.cnbb.org.br\/cnbb-app\/wp\/v2\/posts"}],"about":[{"href":"https:\/\/www.cnbb.org.br\/cnbb-app\/wp\/v2\/types\/post"}],"author":[{"embeddable":true,"href":"https:\/\/www.cnbb.org.br\/cnbb-app\/wp\/v2\/users\/83"}],"replies":[{"embeddable":true,"href":"https:\/\/www.cnbb.org.br\/cnbb-app\/wp\/v2\/comments?post=22029"}],"version-history":[{"count":0,"href":"https:\/\/www.cnbb.org.br\/cnbb-app\/wp\/v2\/posts\/22029\/revisions"}],"wp:featuredmedia":[{"embeddable":true,"href":"https:\/\/www.cnbb.org.br\/cnbb-app\/wp\/v2\/media\/22030"}],"wp:attachment":[{"href":"https:\/\/www.cnbb.org.br\/cnbb-app\/wp\/v2\/media?parent=22029"}],"wp:term":[{"taxonomy":"category","embeddable":true,"href":"https:\/\/www.cnbb.org.br\/cnbb-app\/wp\/v2\/categories?post=22029"},{"taxonomy":"post_tag","embeddable":true,"href":"https:\/\/www.cnbb.org.br\/cnbb-app\/wp\/v2\/tags?post=22029"}],"curies":[{"name":"wp","href":"https:\/\/api.w.org\/{rel}","templated":true}]}}